{"id":1211,"date":"2020-10-02T13:15:26","date_gmt":"2020-10-02T11:15:26","guid":{"rendered":"https:\/\/www.m4.nu\/?p=1211"},"modified":"2020-10-02T13:15:26","modified_gmt":"2020-10-02T11:15:26","slug":"vi-soker-hallands-basta-konsultchef","status":"publish","type":"post","link":"https:\/\/www.m4.nu\/en\/vi-soker-hallands-basta-konsultchef\/","title":{"rendered":"Vi s\u00f6ker Hallands b\u00e4sta konsultchef!"},"content":{"rendered":"\n<div class=\"wp-block-group alignfull\"><div class=\"wp-block-group__inner-container is-layout-flow wp-block-group-is-layout-flow\">\n<div class=\"wp-block-cover alignfull has-background-dim is-style-default\" style=\"background-image:url(https:\/\/www.m4.nu\/wp-content\/uploads\/2020\/10\/120565185_433561220940937_2783319454455593125_n-1.jpg);min-height:430px;aspect-ratio:unset;\"><div class=\"wp-block-cover__inner-container is-layout-flow wp-block-cover-is-layout-flow\">\n<h2 class=\"has-text-align-center display-1 wp-block-heading\">Vi s\u00f6ker Hallands b\u00e4sta konsultchef! <\/h2>\n<\/div><\/div>\n\n\n\n<div class=\"wp-block-group\"><div class=\"wp-block-group__inner-container is-layout-flow wp-block-group-is-layout-flow\">\n<p class=\"has-text-align-center\">Hur mycket har vi alla l\u00e4ngtat och v\u00e4ntat f\u00f6r att \u00e4ntligen f\u00e5 kika p\u00e5 annonsen f\u00f6r att ans\u00f6ka till att f\u00e5 bli Hallands b\u00e4sta konsultchef? V\u00e4ldigt mycket! V\u00e4ntan \u00e4r nu \u00f6ver, och ans\u00f6kan sker genom Easy Apply som ni finner i l\u00e4nken nedan! <\/p>\n<\/div><\/div>\n<\/div><\/div>\n\n\n\n<p class=\"has-text-align-center\"><a href=\"https:\/\/www.linkedin.com\/jobs\/search\/?currentJobId=1457669303&amp;geoId=105117694&amp;keywords=Hallands%20b%C3%A4sta%20konsultchef&amp;location=Sverige&amp;locationId=1036129\">https:\/\/www.linkedin.com\/jobs\/search\/?currentJobId=1457669303&amp;geoId=105117694&amp;keywords=Hallands%20b%C3%A4sta%20konsultchef&amp;location=Sverige&amp;locationId=1036129<\/a><\/p>\n","protected":false},"excerpt":{"rendered":"<p>Hur mycket har vi alla l\u00e4ngtat och v\u00e4ntat f\u00f6r att \u00e4ntligen f\u00e5 kika p\u00e5 annonsen f\u00f6r att ans\u00f6ka till att f\u00e5 bli Hallands b\u00e4sta konsultchef? V\u00e4ldigt mycket! V\u00e4ntan \u00e4r nu \u00f6ver, och ans\u00f6kan sker genom Easy Apply som ni finner i l\u00e4nken nedan! https:\/\/www.linkedin.com\/jobs\/search\/?currentJobId=1457669303&amp;geoId=105117694&amp;keywords=Hallands%20b%C3%A4sta%20konsultchef&amp;location=Sverige&amp;locationId=1036129<\/p>\n","protected":false},"author":4,"featured_media":1213,"comment_status":"open","ping_status":"open","sticky":false,"template":"","format":"standard","meta":{"_acf_changed":false,"footnotes":""},"categories":[3],"tags":[],"class_list":["post-1211","post","type-post","status-publish","format-standard","has-post-thumbnail","hentry","category-nyheter"],"acf":[],"yoast_head":"<!-- This site is optimized with the Yoast SEO plugin v27.5 - https:\/\/yoast.com\/product\/yoast-seo-wordpress\/ -->\n<title>Vi s\u00f6ker Hallands b\u00e4sta konsultchef! - M4<\/title>\n<meta name=\"robots\" content=\"index, follow, max-snippet:-1, max-image-preview:large, max-video-preview:-1\" \/>\n<link rel=\"canonical\" href=\"https:\/\/www.m4.nu\/en\/vi-soker-hallands-basta-konsultchef\/\" \/>\n<meta property=\"og:locale\" content=\"en_US\" \/>\n<meta property=\"og:type\" content=\"article\" \/>\n<meta property=\"og:title\" content=\"Vi s\u00f6ker Hallands b\u00e4sta konsultchef! - M4\" \/>\n<meta property=\"og:description\" content=\"Hur mycket har vi alla l\u00e4ngtat och v\u00e4ntat f\u00f6r att \u00e4ntligen f\u00e5 kika p\u00e5 annonsen f\u00f6r att ans\u00f6ka till att f\u00e5 bli Hallands b\u00e4sta konsultchef? V\u00e4ldigt mycket! V\u00e4ntan \u00e4r nu \u00f6ver, och ans\u00f6kan sker genom Easy Apply som ni finner i l\u00e4nken nedan! https:\/\/www.linkedin.com\/jobs\/search\/?currentJobId=1457669303&amp;geoId=105117694&amp;keywords=Hallands%20b%C3%A4sta%20konsultchef&amp;location=Sverige&amp;locationId=1036129\" \/>\n<meta property=\"og:url\" content=\"https:\/\/www.m4.nu\/en\/vi-soker-hallands-basta-konsultchef\/\" \/>\n<meta property=\"og:site_name\" content=\"M4\" \/>\n<meta property=\"article:published_time\" content=\"2020-10-02T11:15:26+00:00\" \/>\n<meta property=\"og:image\" content=\"https:\/\/www.m4.nu\/wp-content\/uploads\/2020\/10\/120565185_433561220940937_2783319454455593125_n-1.jpg\" \/>\n\t<meta property=\"og:image:width\" content=\"1350\" \/>\n\t<meta property=\"og:image:height\" content=\"901\" \/>\n\t<meta property=\"og:image:type\" content=\"image\/jpeg\" \/>\n<meta name=\"author\" content=\"Amanda Rydin\" \/>\n<meta name=\"twitter:card\" content=\"summary_large_image\" \/>\n<meta name=\"twitter:label1\" content=\"Written by\" \/>\n\t<meta name=\"twitter:data1\" content=\"Amanda Rydin\" \/>\n<script type=\"application\/ld+json\" class=\"yoast-schema-graph\">{\"@context\":\"https:\\\/\\\/schema.org\",\"@graph\":[{\"@type\":\"Article\",\"@id\":\"https:\\\/\\\/www.m4.nu\\\/en\\\/vi-soker-hallands-basta-konsultchef\\\/#article\",\"isPartOf\":{\"@id\":\"https:\\\/\\\/www.m4.nu\\\/en\\\/vi-soker-hallands-basta-konsultchef\\\/\"},\"author\":{\"name\":\"Amanda Rydin\",\"@id\":\"https:\\\/\\\/www.m4.nu\\\/en\\\/#\\\/schema\\\/person\\\/4c1ac5f110ac47d8e9bf58e7fe13b13f\"},\"headline\":\"Vi s\u00f6ker Hallands b\u00e4sta konsultchef!\",\"datePublished\":\"2020-10-02T11:15:26+00:00\",\"mainEntityOfPage\":{\"@id\":\"https:\\\/\\\/www.m4.nu\\\/en\\\/vi-soker-hallands-basta-konsultchef\\\/\"},\"wordCount\":89,\"commentCount\":0,\"publisher\":{\"@id\":\"https:\\\/\\\/www.m4.nu\\\/en\\\/#organization\"},\"image\":{\"@id\":\"https:\\\/\\\/www.m4.nu\\\/en\\\/vi-soker-hallands-basta-konsultchef\\\/#primaryimage\"},\"thumbnailUrl\":\"https:\\\/\\\/www.m4.nu\\\/wp-content\\\/uploads\\\/2020\\\/10\\\/120565185_433561220940937_2783319454455593125_n-1.jpg\",\"articleSection\":[\"Nyheter\"],\"inLanguage\":\"en-US\",\"potentialAction\":[{\"@type\":\"CommentAction\",\"name\":\"Comment\",\"target\":[\"https:\\\/\\\/www.m4.nu\\\/en\\\/vi-soker-hallands-basta-konsultchef\\\/#respond\"]}]},{\"@type\":\"WebPage\",\"@id\":\"https:\\\/\\\/www.m4.nu\\\/en\\\/vi-soker-hallands-basta-konsultchef\\\/\",\"url\":\"https:\\\/\\\/www.m4.nu\\\/en\\\/vi-soker-hallands-basta-konsultchef\\\/\",\"name\":\"Vi s\u00f6ker Hallands b\u00e4sta konsultchef! - M4\",\"isPartOf\":{\"@id\":\"https:\\\/\\\/www.m4.nu\\\/en\\\/#website\"},\"primaryImageOfPage\":{\"@id\":\"https:\\\/\\\/www.m4.nu\\\/en\\\/vi-soker-hallands-basta-konsultchef\\\/#primaryimage\"},\"image\":{\"@id\":\"https:\\\/\\\/www.m4.nu\\\/en\\\/vi-soker-hallands-basta-konsultchef\\\/#primaryimage\"},\"thumbnailUrl\":\"https:\\\/\\\/www.m4.nu\\\/wp-content\\\/uploads\\\/2020\\\/10\\\/120565185_433561220940937_2783319454455593125_n-1.jpg\",\"datePublished\":\"2020-10-02T11:15:26+00:00\",\"breadcrumb\":{\"@id\":\"https:\\\/\\\/www.m4.nu\\\/en\\\/vi-soker-hallands-basta-konsultchef\\\/#breadcrumb\"},\"inLanguage\":\"en-US\",\"potentialAction\":[{\"@type\":\"ReadAction\",\"target\":[\"https:\\\/\\\/www.m4.nu\\\/en\\\/vi-soker-hallands-basta-konsultchef\\\/\"]}]},{\"@type\":\"ImageObject\",\"inLanguage\":\"en-US\",\"@id\":\"https:\\\/\\\/www.m4.nu\\\/en\\\/vi-soker-hallands-basta-konsultchef\\\/#primaryimage\",\"url\":\"https:\\\/\\\/www.m4.nu\\\/wp-content\\\/uploads\\\/2020\\\/10\\\/120565185_433561220940937_2783319454455593125_n-1.jpg\",\"contentUrl\":\"https:\\\/\\\/www.m4.nu\\\/wp-content\\\/uploads\\\/2020\\\/10\\\/120565185_433561220940937_2783319454455593125_n-1.jpg\",\"width\":1350,\"height\":901},{\"@type\":\"BreadcrumbList\",\"@id\":\"https:\\\/\\\/www.m4.nu\\\/en\\\/vi-soker-hallands-basta-konsultchef\\\/#breadcrumb\",\"itemListElement\":[{\"@type\":\"ListItem\",\"position\":1,\"name\":\"Home\",\"item\":\"https:\\\/\\\/www.m4.nu\\\/en\\\/\"},{\"@type\":\"ListItem\",\"position\":2,\"name\":\"Vi s\u00f6ker Hallands b\u00e4sta konsultchef!\"}]},{\"@type\":\"WebSite\",\"@id\":\"https:\\\/\\\/www.m4.nu\\\/en\\\/#website\",\"url\":\"https:\\\/\\\/www.m4.nu\\\/en\\\/\",\"name\":\"M4\",\"description\":\"m4-framtidens konsultbolag\",\"publisher\":{\"@id\":\"https:\\\/\\\/www.m4.nu\\\/en\\\/#organization\"},\"potentialAction\":[{\"@type\":\"SearchAction\",\"target\":{\"@type\":\"EntryPoint\",\"urlTemplate\":\"https:\\\/\\\/www.m4.nu\\\/en\\\/?s={search_term_string}\"},\"query-input\":{\"@type\":\"PropertyValueSpecification\",\"valueRequired\":true,\"valueName\":\"search_term_string\"}}],\"inLanguage\":\"en-US\"},{\"@type\":\"Organization\",\"@id\":\"https:\\\/\\\/www.m4.nu\\\/en\\\/#organization\",\"name\":\"M4\",\"url\":\"https:\\\/\\\/www.m4.nu\\\/en\\\/\",\"logo\":{\"@type\":\"ImageObject\",\"inLanguage\":\"en-US\",\"@id\":\"https:\\\/\\\/www.m4.nu\\\/en\\\/#\\\/schema\\\/logo\\\/image\\\/\",\"url\":\"https:\\\/\\\/www.m4.nu\\\/wp-content\\\/uploads\\\/2019\\\/11\\\/cropped-m4_logotyp_CMYK.png\",\"contentUrl\":\"https:\\\/\\\/www.m4.nu\\\/wp-content\\\/uploads\\\/2019\\\/11\\\/cropped-m4_logotyp_CMYK.png\",\"width\":103,\"height\":100,\"caption\":\"M4\"},\"image\":{\"@id\":\"https:\\\/\\\/www.m4.nu\\\/en\\\/#\\\/schema\\\/logo\\\/image\\\/\"}},{\"@type\":\"Person\",\"@id\":\"https:\\\/\\\/www.m4.nu\\\/en\\\/#\\\/schema\\\/person\\\/4c1ac5f110ac47d8e9bf58e7fe13b13f\",\"name\":\"Amanda Rydin\",\"image\":{\"@type\":\"ImageObject\",\"inLanguage\":\"en-US\",\"@id\":\"https:\\\/\\\/secure.gravatar.com\\\/avatar\\\/90bda582e246949f672b307e8b4bfd081f5c6db75ef8b928ac3c403c55c10c98?s=96&d=mm&r=g\",\"url\":\"https:\\\/\\\/secure.gravatar.com\\\/avatar\\\/90bda582e246949f672b307e8b4bfd081f5c6db75ef8b928ac3c403c55c10c98?s=96&d=mm&r=g\",\"contentUrl\":\"https:\\\/\\\/secure.gravatar.com\\\/avatar\\\/90bda582e246949f672b307e8b4bfd081f5c6db75ef8b928ac3c403c55c10c98?s=96&d=mm&r=g\",\"caption\":\"Amanda Rydin\"},\"sameAs\":[\"http:\\\/\\\/m4.nu\"],\"url\":\"https:\\\/\\\/www.m4.nu\\\/en\\\/author\\\/amandarydin\\\/\"}]}<\/script>\n<!-- \/ Yoast SEO plugin. -->","yoast_head_json":{"title":"Vi s\u00f6ker Hallands b\u00e4sta konsultchef! - M4","robots":{"index":"index","follow":"follow","max-snippet":"max-snippet:-1","max-image-preview":"max-image-preview:large","max-video-preview":"max-video-preview:-1"},"canonical":"https:\/\/www.m4.nu\/en\/vi-soker-hallands-basta-konsultchef\/","og_locale":"en_US","og_type":"article","og_title":"Vi s\u00f6ker Hallands b\u00e4sta konsultchef! - M4","og_description":"Hur mycket har vi alla l\u00e4ngtat och v\u00e4ntat f\u00f6r att \u00e4ntligen f\u00e5 kika p\u00e5 annonsen f\u00f6r att ans\u00f6ka till att f\u00e5 bli Hallands b\u00e4sta konsultchef? V\u00e4ldigt mycket! V\u00e4ntan \u00e4r nu \u00f6ver, och ans\u00f6kan sker genom Easy Apply som ni finner i l\u00e4nken nedan! https:\/\/www.linkedin.com\/jobs\/search\/?currentJobId=1457669303&amp;geoId=105117694&amp;keywords=Hallands%20b%C3%A4sta%20konsultchef&amp;location=Sverige&amp;locationId=1036129","og_url":"https:\/\/www.m4.nu\/en\/vi-soker-hallands-basta-konsultchef\/","og_site_name":"M4","article_published_time":"2020-10-02T11:15:26+00:00","og_image":[{"width":1350,"height":901,"url":"https:\/\/www.m4.nu\/wp-content\/uploads\/2020\/10\/120565185_433561220940937_2783319454455593125_n-1.jpg","type":"image\/jpeg"}],"author":"Amanda Rydin","twitter_card":"summary_large_image","twitter_misc":{"Written by":"Amanda Rydin"},"schema":{"@context":"https:\/\/schema.org","@graph":[{"@type":"Article","@id":"https:\/\/www.m4.nu\/en\/vi-soker-hallands-basta-konsultchef\/#article","isPartOf":{"@id":"https:\/\/www.m4.nu\/en\/vi-soker-hallands-basta-konsultchef\/"},"author":{"name":"Amanda Rydin","@id":"https:\/\/www.m4.nu\/en\/#\/schema\/person\/4c1ac5f110ac47d8e9bf58e7fe13b13f"},"headline":"Vi s\u00f6ker Hallands b\u00e4sta konsultchef!","datePublished":"2020-10-02T11:15:26+00:00","mainEntityOfPage":{"@id":"https:\/\/www.m4.nu\/en\/vi-soker-hallands-basta-konsultchef\/"},"wordCount":89,"commentCount":0,"publisher":{"@id":"https:\/\/www.m4.nu\/en\/#organization"},"image":{"@id":"https:\/\/www.m4.nu\/en\/vi-soker-hallands-basta-konsultchef\/#primaryimage"},"thumbnailUrl":"https:\/\/www.m4.nu\/wp-content\/uploads\/2020\/10\/120565185_433561220940937_2783319454455593125_n-1.jpg","articleSection":["Nyheter"],"inLanguage":"en-US","potentialAction":[{"@type":"CommentAction","name":"Comment","target":["https:\/\/www.m4.nu\/en\/vi-soker-hallands-basta-konsultchef\/#respond"]}]},{"@type":"WebPage","@id":"https:\/\/www.m4.nu\/en\/vi-soker-hallands-basta-konsultchef\/","url":"https:\/\/www.m4.nu\/en\/vi-soker-hallands-basta-konsultchef\/","name":"Vi s\u00f6ker Hallands b\u00e4sta konsultchef! - M4","isPartOf":{"@id":"https:\/\/www.m4.nu\/en\/#website"},"primaryImageOfPage":{"@id":"https:\/\/www.m4.nu\/en\/vi-soker-hallands-basta-konsultchef\/#primaryimage"},"image":{"@id":"https:\/\/www.m4.nu\/en\/vi-soker-hallands-basta-konsultchef\/#primaryimage"},"thumbnailUrl":"https:\/\/www.m4.nu\/wp-content\/uploads\/2020\/10\/120565185_433561220940937_2783319454455593125_n-1.jpg","datePublished":"2020-10-02T11:15:26+00:00","breadcrumb":{"@id":"https:\/\/www.m4.nu\/en\/vi-soker-hallands-basta-konsultchef\/#breadcrumb"},"inLanguage":"en-US","potentialAction":[{"@type":"ReadAction","target":["https:\/\/www.m4.nu\/en\/vi-soker-hallands-basta-konsultchef\/"]}]},{"@type":"ImageObject","inLanguage":"en-US","@id":"https:\/\/www.m4.nu\/en\/vi-soker-hallands-basta-konsultchef\/#primaryimage","url":"https:\/\/www.m4.nu\/wp-content\/uploads\/2020\/10\/120565185_433561220940937_2783319454455593125_n-1.jpg","contentUrl":"https:\/\/www.m4.nu\/wp-content\/uploads\/2020\/10\/120565185_433561220940937_2783319454455593125_n-1.jpg","width":1350,"height":901},{"@type":"BreadcrumbList","@id":"https:\/\/www.m4.nu\/en\/vi-soker-hallands-basta-konsultchef\/#breadcrumb","itemListElement":[{"@type":"ListItem","position":1,"name":"Home","item":"https:\/\/www.m4.nu\/en\/"},{"@type":"ListItem","position":2,"name":"Vi s\u00f6ker Hallands b\u00e4sta konsultchef!"}]},{"@type":"WebSite","@id":"https:\/\/www.m4.nu\/en\/#website","url":"https:\/\/www.m4.nu\/en\/","name":"M4","description":"m4-framtidens konsultbolag","publisher":{"@id":"https:\/\/www.m4.nu\/en\/#organization"},"potentialAction":[{"@type":"SearchAction","target":{"@type":"EntryPoint","urlTemplate":"https:\/\/www.m4.nu\/en\/?s={search_term_string}"},"query-input":{"@type":"PropertyValueSpecification","valueRequired":true,"valueName":"search_term_string"}}],"inLanguage":"en-US"},{"@type":"Organization","@id":"https:\/\/www.m4.nu\/en\/#organization","name":"M4","url":"https:\/\/www.m4.nu\/en\/","logo":{"@type":"ImageObject","inLanguage":"en-US","@id":"https:\/\/www.m4.nu\/en\/#\/schema\/logo\/image\/","url":"https:\/\/www.m4.nu\/wp-content\/uploads\/2019\/11\/cropped-m4_logotyp_CMYK.png","contentUrl":"https:\/\/www.m4.nu\/wp-content\/uploads\/2019\/11\/cropped-m4_logotyp_CMYK.png","width":103,"height":100,"caption":"M4"},"image":{"@id":"https:\/\/www.m4.nu\/en\/#\/schema\/logo\/image\/"}},{"@type":"Person","@id":"https:\/\/www.m4.nu\/en\/#\/schema\/person\/4c1ac5f110ac47d8e9bf58e7fe13b13f","name":"Amanda Rydin","image":{"@type":"ImageObject","inLanguage":"en-US","@id":"https:\/\/secure.gravatar.com\/avatar\/90bda582e246949f672b307e8b4bfd081f5c6db75ef8b928ac3c403c55c10c98?s=96&d=mm&r=g","url":"https:\/\/secure.gravatar.com\/avatar\/90bda582e246949f672b307e8b4bfd081f5c6db75ef8b928ac3c403c55c10c98?s=96&d=mm&r=g","contentUrl":"https:\/\/secure.gravatar.com\/avatar\/90bda582e246949f672b307e8b4bfd081f5c6db75ef8b928ac3c403c55c10c98?s=96&d=mm&r=g","caption":"Amanda Rydin"},"sameAs":["http:\/\/m4.nu"],"url":"https:\/\/www.m4.nu\/en\/author\/amandarydin\/"}]}},"_links":{"self":[{"href":"https:\/\/www.m4.nu\/en\/wp-json\/wp\/v2\/posts\/1211","targetHints":{"allow":["GET"]}}],"collection":[{"href":"https:\/\/www.m4.nu\/en\/wp-json\/wp\/v2\/posts"}],"about":[{"href":"https:\/\/www.m4.nu\/en\/wp-json\/wp\/v2\/types\/post"}],"author":[{"embeddable":true,"href":"https:\/\/www.m4.nu\/en\/wp-json\/wp\/v2\/users\/4"}],"replies":[{"embeddable":true,"href":"https:\/\/www.m4.nu\/en\/wp-json\/wp\/v2\/comments?post=1211"}],"version-history":[{"count":2,"href":"https:\/\/www.m4.nu\/en\/wp-json\/wp\/v2\/posts\/1211\/revisions"}],"predecessor-version":[{"id":1215,"href":"https:\/\/www.m4.nu\/en\/wp-json\/wp\/v2\/posts\/1211\/revisions\/1215"}],"wp:featuredmedia":[{"embeddable":true,"href":"https:\/\/www.m4.nu\/en\/wp-json\/wp\/v2\/media\/1213"}],"wp:attachment":[{"href":"https:\/\/www.m4.nu\/en\/wp-json\/wp\/v2\/media?parent=1211"}],"wp:term":[{"taxonomy":"category","embeddable":true,"href":"https:\/\/www.m4.nu\/en\/wp-json\/wp\/v2\/categories?post=1211"},{"taxonomy":"post_tag","embeddable":true,"href":"https:\/\/www.m4.nu\/en\/wp-json\/wp\/v2\/tags?post=1211"}],"curies":[{"name":"wp","href":"https:\/\/api.w.org\/{rel}","templated":true}]}}