{"id":1606,"date":"2020-11-13T13:47:09","date_gmt":"2020-11-13T12:47:09","guid":{"rendered":"https:\/\/www.m4.nu\/?p=1606"},"modified":"2020-11-13T13:49:34","modified_gmt":"2020-11-13T12:49:34","slug":"10-ars-jubilar","status":"publish","type":"post","link":"https:\/\/www.m4.nu\/en\/10-ars-jubilar\/","title":{"rendered":"10 \u00e5rs jubileum f\u00f6r uppskattad kollega"},"content":{"rendered":"\n<div class=\"wp-block-group alignfull\"><div class=\"wp-block-group__inner-container is-layout-flow wp-block-group-is-layout-flow\">\n<div class=\"wp-block-cover alignfull has-background-dim\" style=\"background-image:url(https:\/\/www.m4.nu\/wp-content\/uploads\/2020\/11\/linkedin-danielpresent.png);background-position:51% 32%\"><div class=\"wp-block-cover__inner-container is-layout-flow wp-block-cover-is-layout-flow\">\n<h2 class=\"has-text-align-center display-1 wp-block-heading\">10 \u00e5rs jubileum f\u00f6r uppskattad kollega<\/h2>\n<\/div><\/div>\n\n\n\n<div class=\"wp-block-group\"><div class=\"wp-block-group__inner-container is-layout-flow wp-block-group-is-layout-flow\">\n<p>En h\u00f6stlig novemberdag, med m\u00e5nga fantastiska mustascher, firar vi v\u00e5r 10 \u00e5rs jubilar Daniel!<\/p>\n\n\n\n<p>En v\u00e4ldigt uppskattad kollega, och som ocks\u00e5 \u00e4r en av v\u00e5ra eldsj\u00e4lar i v\u00e5rt team M4MOBROS.<\/p>\n\n\n\n<p>Tack f\u00f6r m\u00e5nga fina \u00e5r tillsammans, och vi hoppas p\u00e5 m\u00e5nga fler.<\/p>\n<\/div><\/div>\n<\/div><\/div>\n","protected":false},"excerpt":{"rendered":"<p>En h\u00f6stlig novemberdag, med m\u00e5nga fantastiska mustascher, firar vi v\u00e5r 10 \u00e5rs jubilar Daniel! En v\u00e4ldigt uppskattad kollega, och som ocks\u00e5 \u00e4r en av v\u00e5ra eldsj\u00e4lar i v\u00e5rt team M4MOBROS. Tack f\u00f6r m\u00e5nga fina \u00e5r tillsammans, och vi hoppas p\u00e5 m\u00e5nga fler.<\/p>\n","protected":false},"author":4,"featured_media":1607,"comment_status":"open","ping_status":"open","sticky":false,"template":"","format":"standard","meta":{"_acf_changed":false,"footnotes":""},"categories":[3],"tags":[],"class_list":["post-1606","post","type-post","status-publish","format-standard","has-post-thumbnail","hentry","category-nyheter"],"acf":[],"yoast_head":"<!-- This site is optimized with the Yoast SEO plugin v27.4 - https:\/\/yoast.com\/product\/yoast-seo-wordpress\/ -->\n<title>10 \u00e5rs jubileum f\u00f6r uppskattad kollega - M4<\/title>\n<meta name=\"robots\" content=\"index, follow, max-snippet:-1, max-image-preview:large, max-video-preview:-1\" \/>\n<link rel=\"canonical\" href=\"https:\/\/www.m4.nu\/en\/10-ars-jubilar\/\" \/>\n<meta property=\"og:locale\" content=\"en_US\" \/>\n<meta property=\"og:type\" content=\"article\" \/>\n<meta property=\"og:title\" content=\"10 \u00e5rs jubileum f\u00f6r uppskattad kollega - M4\" \/>\n<meta property=\"og:description\" content=\"En h\u00f6stlig novemberdag, med m\u00e5nga fantastiska mustascher, firar vi v\u00e5r 10 \u00e5rs jubilar Daniel! En v\u00e4ldigt uppskattad kollega, och som ocks\u00e5 \u00e4r en av v\u00e5ra eldsj\u00e4lar i v\u00e5rt team M4MOBROS. Tack f\u00f6r m\u00e5nga fina \u00e5r tillsammans, och vi hoppas p\u00e5 m\u00e5nga fler.\" \/>\n<meta property=\"og:url\" content=\"https:\/\/www.m4.nu\/en\/10-ars-jubilar\/\" \/>\n<meta property=\"og:site_name\" content=\"M4\" \/>\n<meta property=\"article:published_time\" content=\"2020-11-13T12:47:09+00:00\" \/>\n<meta property=\"article:modified_time\" content=\"2020-11-13T12:49:34+00:00\" \/>\n<meta property=\"og:image\" content=\"https:\/\/www.m4.nu\/wp-content\/uploads\/2020\/11\/linkedin-danielpresent.png\" \/>\n\t<meta property=\"og:image:width\" content=\"1200\" \/>\n\t<meta property=\"og:image:height\" content=\"675\" \/>\n\t<meta property=\"og:image:type\" content=\"image\/png\" \/>\n<meta name=\"author\" content=\"Amanda Rydin\" \/>\n<meta name=\"twitter:card\" content=\"summary_large_image\" \/>\n<meta name=\"twitter:label1\" content=\"Written by\" \/>\n\t<meta name=\"twitter:data1\" content=\"Amanda Rydin\" \/>\n<script type=\"application\/ld+json\" class=\"yoast-schema-graph\">{\"@context\":\"https:\\\/\\\/schema.org\",\"@graph\":[{\"@type\":\"Article\",\"@id\":\"https:\\\/\\\/www.m4.nu\\\/en\\\/10-ars-jubilar\\\/#article\",\"isPartOf\":{\"@id\":\"https:\\\/\\\/www.m4.nu\\\/en\\\/10-ars-jubilar\\\/\"},\"author\":{\"name\":\"Amanda Rydin\",\"@id\":\"https:\\\/\\\/www.m4.nu\\\/en\\\/#\\\/schema\\\/person\\\/4c1ac5f110ac47d8e9bf58e7fe13b13f\"},\"headline\":\"10 \u00e5rs jubileum f\u00f6r uppskattad kollega\",\"datePublished\":\"2020-11-13T12:47:09+00:00\",\"dateModified\":\"2020-11-13T12:49:34+00:00\",\"mainEntityOfPage\":{\"@id\":\"https:\\\/\\\/www.m4.nu\\\/en\\\/10-ars-jubilar\\\/\"},\"wordCount\":64,\"commentCount\":0,\"publisher\":{\"@id\":\"https:\\\/\\\/www.m4.nu\\\/en\\\/#organization\"},\"image\":{\"@id\":\"https:\\\/\\\/www.m4.nu\\\/en\\\/10-ars-jubilar\\\/#primaryimage\"},\"thumbnailUrl\":\"https:\\\/\\\/www.m4.nu\\\/wp-content\\\/uploads\\\/2020\\\/11\\\/linkedin-danielpresent.png\",\"articleSection\":[\"Nyheter\"],\"inLanguage\":\"en-US\",\"potentialAction\":[{\"@type\":\"CommentAction\",\"name\":\"Comment\",\"target\":[\"https:\\\/\\\/www.m4.nu\\\/en\\\/10-ars-jubilar\\\/#respond\"]}]},{\"@type\":\"WebPage\",\"@id\":\"https:\\\/\\\/www.m4.nu\\\/en\\\/10-ars-jubilar\\\/\",\"url\":\"https:\\\/\\\/www.m4.nu\\\/en\\\/10-ars-jubilar\\\/\",\"name\":\"10 \u00e5rs jubileum f\u00f6r uppskattad kollega - M4\",\"isPartOf\":{\"@id\":\"https:\\\/\\\/www.m4.nu\\\/en\\\/#website\"},\"primaryImageOfPage\":{\"@id\":\"https:\\\/\\\/www.m4.nu\\\/en\\\/10-ars-jubilar\\\/#primaryimage\"},\"image\":{\"@id\":\"https:\\\/\\\/www.m4.nu\\\/en\\\/10-ars-jubilar\\\/#primaryimage\"},\"thumbnailUrl\":\"https:\\\/\\\/www.m4.nu\\\/wp-content\\\/uploads\\\/2020\\\/11\\\/linkedin-danielpresent.png\",\"datePublished\":\"2020-11-13T12:47:09+00:00\",\"dateModified\":\"2020-11-13T12:49:34+00:00\",\"breadcrumb\":{\"@id\":\"https:\\\/\\\/www.m4.nu\\\/en\\\/10-ars-jubilar\\\/#breadcrumb\"},\"inLanguage\":\"en-US\",\"potentialAction\":[{\"@type\":\"ReadAction\",\"target\":[\"https:\\\/\\\/www.m4.nu\\\/en\\\/10-ars-jubilar\\\/\"]}]},{\"@type\":\"ImageObject\",\"inLanguage\":\"en-US\",\"@id\":\"https:\\\/\\\/www.m4.nu\\\/en\\\/10-ars-jubilar\\\/#primaryimage\",\"url\":\"https:\\\/\\\/www.m4.nu\\\/wp-content\\\/uploads\\\/2020\\\/11\\\/linkedin-danielpresent.png\",\"contentUrl\":\"https:\\\/\\\/www.m4.nu\\\/wp-content\\\/uploads\\\/2020\\\/11\\\/linkedin-danielpresent.png\",\"width\":1200,\"height\":675},{\"@type\":\"BreadcrumbList\",\"@id\":\"https:\\\/\\\/www.m4.nu\\\/en\\\/10-ars-jubilar\\\/#breadcrumb\",\"itemListElement\":[{\"@type\":\"ListItem\",\"position\":1,\"name\":\"Home\",\"item\":\"https:\\\/\\\/www.m4.nu\\\/en\\\/\"},{\"@type\":\"ListItem\",\"position\":2,\"name\":\"10 \u00e5rs jubileum f\u00f6r uppskattad kollega\"}]},{\"@type\":\"WebSite\",\"@id\":\"https:\\\/\\\/www.m4.nu\\\/en\\\/#website\",\"url\":\"https:\\\/\\\/www.m4.nu\\\/en\\\/\",\"name\":\"M4\",\"description\":\"m4-framtidens konsultbolag\",\"publisher\":{\"@id\":\"https:\\\/\\\/www.m4.nu\\\/en\\\/#organization\"},\"potentialAction\":[{\"@type\":\"SearchAction\",\"target\":{\"@type\":\"EntryPoint\",\"urlTemplate\":\"https:\\\/\\\/www.m4.nu\\\/en\\\/?s={search_term_string}\"},\"query-input\":{\"@type\":\"PropertyValueSpecification\",\"valueRequired\":true,\"valueName\":\"search_term_string\"}}],\"inLanguage\":\"en-US\"},{\"@type\":\"Organization\",\"@id\":\"https:\\\/\\\/www.m4.nu\\\/en\\\/#organization\",\"name\":\"M4\",\"url\":\"https:\\\/\\\/www.m4.nu\\\/en\\\/\",\"logo\":{\"@type\":\"ImageObject\",\"inLanguage\":\"en-US\",\"@id\":\"https:\\\/\\\/www.m4.nu\\\/en\\\/#\\\/schema\\\/logo\\\/image\\\/\",\"url\":\"https:\\\/\\\/www.m4.nu\\\/wp-content\\\/uploads\\\/2019\\\/11\\\/cropped-m4_logotyp_CMYK.png\",\"contentUrl\":\"https:\\\/\\\/www.m4.nu\\\/wp-content\\\/uploads\\\/2019\\\/11\\\/cropped-m4_logotyp_CMYK.png\",\"width\":103,\"height\":100,\"caption\":\"M4\"},\"image\":{\"@id\":\"https:\\\/\\\/www.m4.nu\\\/en\\\/#\\\/schema\\\/logo\\\/image\\\/\"}},{\"@type\":\"Person\",\"@id\":\"https:\\\/\\\/www.m4.nu\\\/en\\\/#\\\/schema\\\/person\\\/4c1ac5f110ac47d8e9bf58e7fe13b13f\",\"name\":\"Amanda Rydin\",\"image\":{\"@type\":\"ImageObject\",\"inLanguage\":\"en-US\",\"@id\":\"https:\\\/\\\/secure.gravatar.com\\\/avatar\\\/90bda582e246949f672b307e8b4bfd081f5c6db75ef8b928ac3c403c55c10c98?s=96&d=mm&r=g\",\"url\":\"https:\\\/\\\/secure.gravatar.com\\\/avatar\\\/90bda582e246949f672b307e8b4bfd081f5c6db75ef8b928ac3c403c55c10c98?s=96&d=mm&r=g\",\"contentUrl\":\"https:\\\/\\\/secure.gravatar.com\\\/avatar\\\/90bda582e246949f672b307e8b4bfd081f5c6db75ef8b928ac3c403c55c10c98?s=96&d=mm&r=g\",\"caption\":\"Amanda Rydin\"},\"sameAs\":[\"http:\\\/\\\/m4.nu\"],\"url\":\"https:\\\/\\\/www.m4.nu\\\/en\\\/author\\\/amandarydin\\\/\"}]}<\/script>\n<!-- \/ Yoast SEO plugin. -->","yoast_head_json":{"title":"10 \u00e5rs jubileum f\u00f6r uppskattad kollega - M4","robots":{"index":"index","follow":"follow","max-snippet":"max-snippet:-1","max-image-preview":"max-image-preview:large","max-video-preview":"max-video-preview:-1"},"canonical":"https:\/\/www.m4.nu\/en\/10-ars-jubilar\/","og_locale":"en_US","og_type":"article","og_title":"10 \u00e5rs jubileum f\u00f6r uppskattad kollega - M4","og_description":"En h\u00f6stlig novemberdag, med m\u00e5nga fantastiska mustascher, firar vi v\u00e5r 10 \u00e5rs jubilar Daniel! En v\u00e4ldigt uppskattad kollega, och som ocks\u00e5 \u00e4r en av v\u00e5ra eldsj\u00e4lar i v\u00e5rt team M4MOBROS. Tack f\u00f6r m\u00e5nga fina \u00e5r tillsammans, och vi hoppas p\u00e5 m\u00e5nga fler.","og_url":"https:\/\/www.m4.nu\/en\/10-ars-jubilar\/","og_site_name":"M4","article_published_time":"2020-11-13T12:47:09+00:00","article_modified_time":"2020-11-13T12:49:34+00:00","og_image":[{"width":1200,"height":675,"url":"https:\/\/www.m4.nu\/wp-content\/uploads\/2020\/11\/linkedin-danielpresent.png","type":"image\/png"}],"author":"Amanda Rydin","twitter_card":"summary_large_image","twitter_misc":{"Written by":"Amanda Rydin"},"schema":{"@context":"https:\/\/schema.org","@graph":[{"@type":"Article","@id":"https:\/\/www.m4.nu\/en\/10-ars-jubilar\/#article","isPartOf":{"@id":"https:\/\/www.m4.nu\/en\/10-ars-jubilar\/"},"author":{"name":"Amanda Rydin","@id":"https:\/\/www.m4.nu\/en\/#\/schema\/person\/4c1ac5f110ac47d8e9bf58e7fe13b13f"},"headline":"10 \u00e5rs jubileum f\u00f6r uppskattad kollega","datePublished":"2020-11-13T12:47:09+00:00","dateModified":"2020-11-13T12:49:34+00:00","mainEntityOfPage":{"@id":"https:\/\/www.m4.nu\/en\/10-ars-jubilar\/"},"wordCount":64,"commentCount":0,"publisher":{"@id":"https:\/\/www.m4.nu\/en\/#organization"},"image":{"@id":"https:\/\/www.m4.nu\/en\/10-ars-jubilar\/#primaryimage"},"thumbnailUrl":"https:\/\/www.m4.nu\/wp-content\/uploads\/2020\/11\/linkedin-danielpresent.png","articleSection":["Nyheter"],"inLanguage":"en-US","potentialAction":[{"@type":"CommentAction","name":"Comment","target":["https:\/\/www.m4.nu\/en\/10-ars-jubilar\/#respond"]}]},{"@type":"WebPage","@id":"https:\/\/www.m4.nu\/en\/10-ars-jubilar\/","url":"https:\/\/www.m4.nu\/en\/10-ars-jubilar\/","name":"10 \u00e5rs jubileum f\u00f6r uppskattad kollega - M4","isPartOf":{"@id":"https:\/\/www.m4.nu\/en\/#website"},"primaryImageOfPage":{"@id":"https:\/\/www.m4.nu\/en\/10-ars-jubilar\/#primaryimage"},"image":{"@id":"https:\/\/www.m4.nu\/en\/10-ars-jubilar\/#primaryimage"},"thumbnailUrl":"https:\/\/www.m4.nu\/wp-content\/uploads\/2020\/11\/linkedin-danielpresent.png","datePublished":"2020-11-13T12:47:09+00:00","dateModified":"2020-11-13T12:49:34+00:00","breadcrumb":{"@id":"https:\/\/www.m4.nu\/en\/10-ars-jubilar\/#breadcrumb"},"inLanguage":"en-US","potentialAction":[{"@type":"ReadAction","target":["https:\/\/www.m4.nu\/en\/10-ars-jubilar\/"]}]},{"@type":"ImageObject","inLanguage":"en-US","@id":"https:\/\/www.m4.nu\/en\/10-ars-jubilar\/#primaryimage","url":"https:\/\/www.m4.nu\/wp-content\/uploads\/2020\/11\/linkedin-danielpresent.png","contentUrl":"https:\/\/www.m4.nu\/wp-content\/uploads\/2020\/11\/linkedin-danielpresent.png","width":1200,"height":675},{"@type":"BreadcrumbList","@id":"https:\/\/www.m4.nu\/en\/10-ars-jubilar\/#breadcrumb","itemListElement":[{"@type":"ListItem","position":1,"name":"Home","item":"https:\/\/www.m4.nu\/en\/"},{"@type":"ListItem","position":2,"name":"10 \u00e5rs jubileum f\u00f6r uppskattad kollega"}]},{"@type":"WebSite","@id":"https:\/\/www.m4.nu\/en\/#website","url":"https:\/\/www.m4.nu\/en\/","name":"M4","description":"m4-framtidens konsultbolag","publisher":{"@id":"https:\/\/www.m4.nu\/en\/#organization"},"potentialAction":[{"@type":"SearchAction","target":{"@type":"EntryPoint","urlTemplate":"https:\/\/www.m4.nu\/en\/?s={search_term_string}"},"query-input":{"@type":"PropertyValueSpecification","valueRequired":true,"valueName":"search_term_string"}}],"inLanguage":"en-US"},{"@type":"Organization","@id":"https:\/\/www.m4.nu\/en\/#organization","name":"M4","url":"https:\/\/www.m4.nu\/en\/","logo":{"@type":"ImageObject","inLanguage":"en-US","@id":"https:\/\/www.m4.nu\/en\/#\/schema\/logo\/image\/","url":"https:\/\/www.m4.nu\/wp-content\/uploads\/2019\/11\/cropped-m4_logotyp_CMYK.png","contentUrl":"https:\/\/www.m4.nu\/wp-content\/uploads\/2019\/11\/cropped-m4_logotyp_CMYK.png","width":103,"height":100,"caption":"M4"},"image":{"@id":"https:\/\/www.m4.nu\/en\/#\/schema\/logo\/image\/"}},{"@type":"Person","@id":"https:\/\/www.m4.nu\/en\/#\/schema\/person\/4c1ac5f110ac47d8e9bf58e7fe13b13f","name":"Amanda Rydin","image":{"@type":"ImageObject","inLanguage":"en-US","@id":"https:\/\/secure.gravatar.com\/avatar\/90bda582e246949f672b307e8b4bfd081f5c6db75ef8b928ac3c403c55c10c98?s=96&d=mm&r=g","url":"https:\/\/secure.gravatar.com\/avatar\/90bda582e246949f672b307e8b4bfd081f5c6db75ef8b928ac3c403c55c10c98?s=96&d=mm&r=g","contentUrl":"https:\/\/secure.gravatar.com\/avatar\/90bda582e246949f672b307e8b4bfd081f5c6db75ef8b928ac3c403c55c10c98?s=96&d=mm&r=g","caption":"Amanda Rydin"},"sameAs":["http:\/\/m4.nu"],"url":"https:\/\/www.m4.nu\/en\/author\/amandarydin\/"}]}},"_links":{"self":[{"href":"https:\/\/www.m4.nu\/en\/wp-json\/wp\/v2\/posts\/1606","targetHints":{"allow":["GET"]}}],"collection":[{"href":"https:\/\/www.m4.nu\/en\/wp-json\/wp\/v2\/posts"}],"about":[{"href":"https:\/\/www.m4.nu\/en\/wp-json\/wp\/v2\/types\/post"}],"author":[{"embeddable":true,"href":"https:\/\/www.m4.nu\/en\/wp-json\/wp\/v2\/users\/4"}],"replies":[{"embeddable":true,"href":"https:\/\/www.m4.nu\/en\/wp-json\/wp\/v2\/comments?post=1606"}],"version-history":[{"count":2,"href":"https:\/\/www.m4.nu\/en\/wp-json\/wp\/v2\/posts\/1606\/revisions"}],"predecessor-version":[{"id":1609,"href":"https:\/\/www.m4.nu\/en\/wp-json\/wp\/v2\/posts\/1606\/revisions\/1609"}],"wp:featuredmedia":[{"embeddable":true,"href":"https:\/\/www.m4.nu\/en\/wp-json\/wp\/v2\/media\/1607"}],"wp:attachment":[{"href":"https:\/\/www.m4.nu\/en\/wp-json\/wp\/v2\/media?parent=1606"}],"wp:term":[{"taxonomy":"category","embeddable":true,"href":"https:\/\/www.m4.nu\/en\/wp-json\/wp\/v2\/categories?post=1606"},{"taxonomy":"post_tag","embeddable":true,"href":"https:\/\/www.m4.nu\/en\/wp-json\/wp\/v2\/tags?post=1606"}],"curies":[{"name":"wp","href":"https:\/\/api.w.org\/{rel}","templated":true}]}}