{"id":2273,"date":"2022-01-14T10:42:48","date_gmt":"2022-01-14T09:42:48","guid":{"rendered":"https:\/\/www.m4.nu\/?p=2273"},"modified":"2022-01-14T10:42:50","modified_gmt":"2022-01-14T09:42:50","slug":"nu-far-vi-antligen-lov-att-presentera-var-nya-konsultchef-i-malardalen-ninnie","status":"publish","type":"post","link":"https:\/\/www.m4.nu\/en\/nu-far-vi-antligen-lov-att-presentera-var-nya-konsultchef-i-malardalen-ninnie\/","title":{"rendered":"Nu f\u00e5r vi \u00e4ntligen lov att presentera v\u00e5r nya konsultchef i M\u00e4lardalen, Ninnie!"},"content":{"rendered":"\n<div class=\"wp-block-cover alignfull has-background-dim\"><img loading=\"lazy\" decoding=\"async\" width=\"2806\" height=\"2243\" class=\"wp-block-cover__image-background wp-image-2274\" alt=\"\" src=\"https:\/\/www.m4.nu\/wp-content\/uploads\/2022\/01\/NinnieEhrlingfarg.png\" data-object-fit=\"cover\" srcset=\"https:\/\/www.m4.nu\/wp-content\/uploads\/2022\/01\/NinnieEhrlingfarg.png 2806w, https:\/\/www.m4.nu\/wp-content\/uploads\/2022\/01\/NinnieEhrlingfarg-300x240.png 300w, https:\/\/www.m4.nu\/wp-content\/uploads\/2022\/01\/NinnieEhrlingfarg-1024x819.png 1024w, https:\/\/www.m4.nu\/wp-content\/uploads\/2022\/01\/NinnieEhrlingfarg-768x614.png 768w, https:\/\/www.m4.nu\/wp-content\/uploads\/2022\/01\/NinnieEhrlingfarg-1536x1228.png 1536w, https:\/\/www.m4.nu\/wp-content\/uploads\/2022\/01\/NinnieEhrlingfarg-2048x1637.png 2048w, https:\/\/www.m4.nu\/wp-content\/uploads\/2022\/01\/NinnieEhrlingfarg-1568x1253.png 1568w\" sizes=\"auto, (max-width: 2806px) 100vw, 2806px\" \/><div class=\"wp-block-cover__inner-container is-layout-flow wp-block-cover-is-layout-flow\">\n<p class=\"has-text-align-center has-large-font-size\"><strong>Nu f\u00e5r vi \u00e4ntligen lov att presentera v\u00e5r nya\u00a0konsultchef i M\u00e4lardalen,\u00a0Ninnie!\u00a0<\/strong>\u00a0<\/p>\n<\/div><\/div>\n\n\n\n<p>En driven sj\u00e4l som brinner f\u00f6r konsulten och&nbsp;f\u00f6rs\u00e4ljning, och med snart 20 \u00e5r i konsultbranschen inom IT\/mjukvaruutveckling kommer hon garanterat gl\u00e4nsa med oss p\u00e5 m4.&nbsp;Ut\u00f6ver den business-kvinnan hon \u00e4r,&nbsp;trivs hon ocks\u00e5&nbsp;helt klart ute i skog och mark&nbsp;d\u00e4r aktiviteter som ridning och jakt finns med p\u00e5 listan.&nbsp;Hon bor i Tyres\u00f6, s\u00f6der om Stockholm och har en fantastisk man och 3 lika fantastiska barn, och i hennes h\u00e4ndelserika liv f\u00e5r hon \u00e4ven in att vara en inbiten tr\u00e4ningsn\u00f6rd.&nbsp;&nbsp;<\/p>\n\n\n\n<p><strong>Varf\u00f6r valde du m4?<\/strong>&nbsp;<\/p>\n\n\n\n<p>Jag valde att hoppa p\u00e5 m4 f\u00f6r jag trivs oerh\u00f6rt bra med kulturen och transparensen som finns i bolaget.&nbsp;&nbsp;Att f\u00e5 jobba med personer kring mig som gillar sitt jobb \u00e4r viktigt f\u00f6r mig, och det k\u00e4nner jag att jag hittat hos m4.&nbsp;Sj\u00e4lvklart&nbsp;vill jag heller inte hymla med att det \u00e4r ett riktigt trevligt g\u00e4ng, s\u00e5 \u00e4r s\u00e4ker p\u00e5 att arbetsgl\u00e4djen&nbsp;\u00e4r en naturlig del i vardagen.&nbsp;&nbsp;<\/p>\n\n\n\n<p><strong>Vad s\u00f6ker du hos dina medarbetare?<\/strong>&nbsp;<\/p>\n\n\n\n<p>De som \u00e4r passionerade och verkligen brinner f\u00f6r det de g\u00f6r. Inget g\u00f6r mig gladare \u00e4n att se n\u00e4r gl\u00f6den verkligen finns d\u00e4r och drivet att kontinuerligt forts\u00e4tta drivas fram\u00e5t och utvecklas. F\u00f6r mig \u00e4r det \u00e4ven viktigt att personkemin k\u00e4nns bra och att ha en vilja att vara del i g\u00e4nget.&nbsp;&nbsp;&nbsp;&nbsp;&nbsp;&nbsp;<\/p>\n\n\n\n<p><strong>Ber\u00e4tta n\u00e5got folk inte vet om dig!&nbsp;&nbsp;<\/strong>&nbsp;<\/p>\n\n\n\n<p>\u00c4r som m\u00e5nga vet lite tr\u00e4ningstokig, men det&nbsp;som kanske inte alla vet \u00e4r att jag tr\u00e4nat mycket f\u00f6r att delta i&nbsp;Strongwomen. \u00c4lskar att lyfta skrot! S\u00e5 vill ni prata tr\u00e4ning, hojta mer \u00e4n g\u00e4rna till.&nbsp;<\/p>\n","protected":false},"excerpt":{"rendered":"<p>En driven sj\u00e4l som brinner f\u00f6r konsulten och&nbsp;f\u00f6rs\u00e4ljning, och med snart 20 \u00e5r i konsultbranschen inom IT\/mjukvaruutveckling kommer hon garanterat gl\u00e4nsa med oss p\u00e5 m4.&nbsp;Ut\u00f6ver den business-kvinnan hon \u00e4r,&nbsp;trivs hon ocks\u00e5&nbsp;helt klart ute i skog och mark&nbsp;d\u00e4r aktiviteter som ridning och jakt finns med p\u00e5 listan.&nbsp;Hon bor i Tyres\u00f6, s\u00f6der om Stockholm och har en&#8230;<\/p>\n","protected":false},"author":4,"featured_media":2274,"comment_status":"open","ping_status":"open","sticky":false,"template":"","format":"standard","meta":{"_acf_changed":false,"footnotes":""},"categories":[3],"tags":[],"class_list":["post-2273","post","type-post","status-publish","format-standard","has-post-thumbnail","hentry","category-nyheter"],"acf":[],"yoast_head":"<!-- This site is optimized with the Yoast SEO plugin v27.4 - https:\/\/yoast.com\/product\/yoast-seo-wordpress\/ -->\n<title>Nu f\u00e5r vi \u00e4ntligen lov att presentera v\u00e5r nya konsultchef i M\u00e4lardalen, Ninnie! - M4<\/title>\n<meta name=\"robots\" content=\"index, follow, max-snippet:-1, max-image-preview:large, max-video-preview:-1\" \/>\n<link rel=\"canonical\" href=\"https:\/\/www.m4.nu\/en\/nu-far-vi-antligen-lov-att-presentera-var-nya-konsultchef-i-malardalen-ninnie\/\" \/>\n<meta property=\"og:locale\" content=\"en_US\" \/>\n<meta property=\"og:type\" content=\"article\" \/>\n<meta property=\"og:title\" content=\"Nu f\u00e5r vi \u00e4ntligen lov att presentera v\u00e5r nya konsultchef i M\u00e4lardalen, Ninnie! - M4\" \/>\n<meta property=\"og:description\" content=\"En driven sj\u00e4l som brinner f\u00f6r konsulten och&nbsp;f\u00f6rs\u00e4ljning, och med snart 20 \u00e5r i konsultbranschen inom IT\/mjukvaruutveckling kommer hon garanterat gl\u00e4nsa med oss p\u00e5 m4.&nbsp;Ut\u00f6ver den business-kvinnan hon \u00e4r,&nbsp;trivs hon ocks\u00e5&nbsp;helt klart ute i skog och mark&nbsp;d\u00e4r aktiviteter som ridning och jakt finns med p\u00e5 listan.&nbsp;Hon bor i Tyres\u00f6, s\u00f6der om Stockholm och har en...\" \/>\n<meta property=\"og:url\" content=\"https:\/\/www.m4.nu\/en\/nu-far-vi-antligen-lov-att-presentera-var-nya-konsultchef-i-malardalen-ninnie\/\" \/>\n<meta property=\"og:site_name\" content=\"M4\" \/>\n<meta property=\"article:published_time\" content=\"2022-01-14T09:42:48+00:00\" \/>\n<meta property=\"article:modified_time\" content=\"2022-01-14T09:42:50+00:00\" \/>\n<meta property=\"og:image\" content=\"https:\/\/www.m4.nu\/wp-content\/uploads\/2022\/01\/NinnieEhrlingfarg-1024x819.png\" \/>\n\t<meta property=\"og:image:width\" content=\"1024\" \/>\n\t<meta property=\"og:image:height\" content=\"819\" \/>\n\t<meta property=\"og:image:type\" content=\"image\/png\" \/>\n<meta name=\"author\" content=\"Amanda Rydin\" \/>\n<meta name=\"twitter:card\" content=\"summary_large_image\" \/>\n<meta name=\"twitter:label1\" content=\"Written by\" \/>\n\t<meta name=\"twitter:data1\" content=\"Amanda Rydin\" \/>\n\t<meta name=\"twitter:label2\" content=\"Est. reading time\" \/>\n\t<meta name=\"twitter:data2\" content=\"2 minutes\" \/>\n<script type=\"application\/ld+json\" class=\"yoast-schema-graph\">{\"@context\":\"https:\\\/\\\/schema.org\",\"@graph\":[{\"@type\":\"Article\",\"@id\":\"https:\\\/\\\/www.m4.nu\\\/en\\\/nu-far-vi-antligen-lov-att-presentera-var-nya-konsultchef-i-malardalen-ninnie\\\/#article\",\"isPartOf\":{\"@id\":\"https:\\\/\\\/www.m4.nu\\\/en\\\/nu-far-vi-antligen-lov-att-presentera-var-nya-konsultchef-i-malardalen-ninnie\\\/\"},\"author\":{\"name\":\"Amanda Rydin\",\"@id\":\"https:\\\/\\\/www.m4.nu\\\/en\\\/#\\\/schema\\\/person\\\/4c1ac5f110ac47d8e9bf58e7fe13b13f\"},\"headline\":\"Nu f\u00e5r vi \u00e4ntligen lov att presentera v\u00e5r nya konsultchef i M\u00e4lardalen, Ninnie!\",\"datePublished\":\"2022-01-14T09:42:48+00:00\",\"dateModified\":\"2022-01-14T09:42:50+00:00\",\"mainEntityOfPage\":{\"@id\":\"https:\\\/\\\/www.m4.nu\\\/en\\\/nu-far-vi-antligen-lov-att-presentera-var-nya-konsultchef-i-malardalen-ninnie\\\/\"},\"wordCount\":358,\"commentCount\":0,\"publisher\":{\"@id\":\"https:\\\/\\\/www.m4.nu\\\/en\\\/#organization\"},\"image\":{\"@id\":\"https:\\\/\\\/www.m4.nu\\\/en\\\/nu-far-vi-antligen-lov-att-presentera-var-nya-konsultchef-i-malardalen-ninnie\\\/#primaryimage\"},\"thumbnailUrl\":\"https:\\\/\\\/www.m4.nu\\\/wp-content\\\/uploads\\\/2022\\\/01\\\/NinnieEhrlingfarg.png\",\"articleSection\":[\"Nyheter\"],\"inLanguage\":\"en-US\",\"potentialAction\":[{\"@type\":\"CommentAction\",\"name\":\"Comment\",\"target\":[\"https:\\\/\\\/www.m4.nu\\\/en\\\/nu-far-vi-antligen-lov-att-presentera-var-nya-konsultchef-i-malardalen-ninnie\\\/#respond\"]}]},{\"@type\":\"WebPage\",\"@id\":\"https:\\\/\\\/www.m4.nu\\\/en\\\/nu-far-vi-antligen-lov-att-presentera-var-nya-konsultchef-i-malardalen-ninnie\\\/\",\"url\":\"https:\\\/\\\/www.m4.nu\\\/en\\\/nu-far-vi-antligen-lov-att-presentera-var-nya-konsultchef-i-malardalen-ninnie\\\/\",\"name\":\"Nu f\u00e5r vi \u00e4ntligen lov att presentera v\u00e5r nya konsultchef i M\u00e4lardalen, Ninnie! - M4\",\"isPartOf\":{\"@id\":\"https:\\\/\\\/www.m4.nu\\\/en\\\/#website\"},\"primaryImageOfPage\":{\"@id\":\"https:\\\/\\\/www.m4.nu\\\/en\\\/nu-far-vi-antligen-lov-att-presentera-var-nya-konsultchef-i-malardalen-ninnie\\\/#primaryimage\"},\"image\":{\"@id\":\"https:\\\/\\\/www.m4.nu\\\/en\\\/nu-far-vi-antligen-lov-att-presentera-var-nya-konsultchef-i-malardalen-ninnie\\\/#primaryimage\"},\"thumbnailUrl\":\"https:\\\/\\\/www.m4.nu\\\/wp-content\\\/uploads\\\/2022\\\/01\\\/NinnieEhrlingfarg.png\",\"datePublished\":\"2022-01-14T09:42:48+00:00\",\"dateModified\":\"2022-01-14T09:42:50+00:00\",\"breadcrumb\":{\"@id\":\"https:\\\/\\\/www.m4.nu\\\/en\\\/nu-far-vi-antligen-lov-att-presentera-var-nya-konsultchef-i-malardalen-ninnie\\\/#breadcrumb\"},\"inLanguage\":\"en-US\",\"potentialAction\":[{\"@type\":\"ReadAction\",\"target\":[\"https:\\\/\\\/www.m4.nu\\\/en\\\/nu-far-vi-antligen-lov-att-presentera-var-nya-konsultchef-i-malardalen-ninnie\\\/\"]}]},{\"@type\":\"ImageObject\",\"inLanguage\":\"en-US\",\"@id\":\"https:\\\/\\\/www.m4.nu\\\/en\\\/nu-far-vi-antligen-lov-att-presentera-var-nya-konsultchef-i-malardalen-ninnie\\\/#primaryimage\",\"url\":\"https:\\\/\\\/www.m4.nu\\\/wp-content\\\/uploads\\\/2022\\\/01\\\/NinnieEhrlingfarg.png\",\"contentUrl\":\"https:\\\/\\\/www.m4.nu\\\/wp-content\\\/uploads\\\/2022\\\/01\\\/NinnieEhrlingfarg.png\",\"width\":2806,\"height\":2243},{\"@type\":\"BreadcrumbList\",\"@id\":\"https:\\\/\\\/www.m4.nu\\\/en\\\/nu-far-vi-antligen-lov-att-presentera-var-nya-konsultchef-i-malardalen-ninnie\\\/#breadcrumb\",\"itemListElement\":[{\"@type\":\"ListItem\",\"position\":1,\"name\":\"Home\",\"item\":\"https:\\\/\\\/www.m4.nu\\\/en\\\/\"},{\"@type\":\"ListItem\",\"position\":2,\"name\":\"Nu f\u00e5r vi \u00e4ntligen lov att presentera v\u00e5r nya konsultchef i M\u00e4lardalen, Ninnie!\"}]},{\"@type\":\"WebSite\",\"@id\":\"https:\\\/\\\/www.m4.nu\\\/en\\\/#website\",\"url\":\"https:\\\/\\\/www.m4.nu\\\/en\\\/\",\"name\":\"M4\",\"description\":\"m4-framtidens konsultbolag\",\"publisher\":{\"@id\":\"https:\\\/\\\/www.m4.nu\\\/en\\\/#organization\"},\"potentialAction\":[{\"@type\":\"SearchAction\",\"target\":{\"@type\":\"EntryPoint\",\"urlTemplate\":\"https:\\\/\\\/www.m4.nu\\\/en\\\/?s={search_term_string}\"},\"query-input\":{\"@type\":\"PropertyValueSpecification\",\"valueRequired\":true,\"valueName\":\"search_term_string\"}}],\"inLanguage\":\"en-US\"},{\"@type\":\"Organization\",\"@id\":\"https:\\\/\\\/www.m4.nu\\\/en\\\/#organization\",\"name\":\"M4\",\"url\":\"https:\\\/\\\/www.m4.nu\\\/en\\\/\",\"logo\":{\"@type\":\"ImageObject\",\"inLanguage\":\"en-US\",\"@id\":\"https:\\\/\\\/www.m4.nu\\\/en\\\/#\\\/schema\\\/logo\\\/image\\\/\",\"url\":\"https:\\\/\\\/www.m4.nu\\\/wp-content\\\/uploads\\\/2019\\\/11\\\/cropped-m4_logotyp_CMYK.png\",\"contentUrl\":\"https:\\\/\\\/www.m4.nu\\\/wp-content\\\/uploads\\\/2019\\\/11\\\/cropped-m4_logotyp_CMYK.png\",\"width\":103,\"height\":100,\"caption\":\"M4\"},\"image\":{\"@id\":\"https:\\\/\\\/www.m4.nu\\\/en\\\/#\\\/schema\\\/logo\\\/image\\\/\"}},{\"@type\":\"Person\",\"@id\":\"https:\\\/\\\/www.m4.nu\\\/en\\\/#\\\/schema\\\/person\\\/4c1ac5f110ac47d8e9bf58e7fe13b13f\",\"name\":\"Amanda Rydin\",\"image\":{\"@type\":\"ImageObject\",\"inLanguage\":\"en-US\",\"@id\":\"https:\\\/\\\/secure.gravatar.com\\\/avatar\\\/90bda582e246949f672b307e8b4bfd081f5c6db75ef8b928ac3c403c55c10c98?s=96&d=mm&r=g\",\"url\":\"https:\\\/\\\/secure.gravatar.com\\\/avatar\\\/90bda582e246949f672b307e8b4bfd081f5c6db75ef8b928ac3c403c55c10c98?s=96&d=mm&r=g\",\"contentUrl\":\"https:\\\/\\\/secure.gravatar.com\\\/avatar\\\/90bda582e246949f672b307e8b4bfd081f5c6db75ef8b928ac3c403c55c10c98?s=96&d=mm&r=g\",\"caption\":\"Amanda Rydin\"},\"sameAs\":[\"http:\\\/\\\/m4.nu\"],\"url\":\"https:\\\/\\\/www.m4.nu\\\/en\\\/author\\\/amandarydin\\\/\"}]}<\/script>\n<!-- \/ Yoast SEO plugin. -->","yoast_head_json":{"title":"Nu f\u00e5r vi \u00e4ntligen lov att presentera v\u00e5r nya konsultchef i M\u00e4lardalen, Ninnie! - M4","robots":{"index":"index","follow":"follow","max-snippet":"max-snippet:-1","max-image-preview":"max-image-preview:large","max-video-preview":"max-video-preview:-1"},"canonical":"https:\/\/www.m4.nu\/en\/nu-far-vi-antligen-lov-att-presentera-var-nya-konsultchef-i-malardalen-ninnie\/","og_locale":"en_US","og_type":"article","og_title":"Nu f\u00e5r vi \u00e4ntligen lov att presentera v\u00e5r nya konsultchef i M\u00e4lardalen, Ninnie! - M4","og_description":"En driven sj\u00e4l som brinner f\u00f6r konsulten och&nbsp;f\u00f6rs\u00e4ljning, och med snart 20 \u00e5r i konsultbranschen inom IT\/mjukvaruutveckling kommer hon garanterat gl\u00e4nsa med oss p\u00e5 m4.&nbsp;Ut\u00f6ver den business-kvinnan hon \u00e4r,&nbsp;trivs hon ocks\u00e5&nbsp;helt klart ute i skog och mark&nbsp;d\u00e4r aktiviteter som ridning och jakt finns med p\u00e5 listan.&nbsp;Hon bor i Tyres\u00f6, s\u00f6der om Stockholm och har en...","og_url":"https:\/\/www.m4.nu\/en\/nu-far-vi-antligen-lov-att-presentera-var-nya-konsultchef-i-malardalen-ninnie\/","og_site_name":"M4","article_published_time":"2022-01-14T09:42:48+00:00","article_modified_time":"2022-01-14T09:42:50+00:00","og_image":[{"width":1024,"height":819,"url":"https:\/\/www.m4.nu\/wp-content\/uploads\/2022\/01\/NinnieEhrlingfarg-1024x819.png","type":"image\/png"}],"author":"Amanda Rydin","twitter_card":"summary_large_image","twitter_misc":{"Written by":"Amanda Rydin","Est. reading time":"2 minutes"},"schema":{"@context":"https:\/\/schema.org","@graph":[{"@type":"Article","@id":"https:\/\/www.m4.nu\/en\/nu-far-vi-antligen-lov-att-presentera-var-nya-konsultchef-i-malardalen-ninnie\/#article","isPartOf":{"@id":"https:\/\/www.m4.nu\/en\/nu-far-vi-antligen-lov-att-presentera-var-nya-konsultchef-i-malardalen-ninnie\/"},"author":{"name":"Amanda Rydin","@id":"https:\/\/www.m4.nu\/en\/#\/schema\/person\/4c1ac5f110ac47d8e9bf58e7fe13b13f"},"headline":"Nu f\u00e5r vi \u00e4ntligen lov att presentera v\u00e5r nya konsultchef i M\u00e4lardalen, Ninnie!","datePublished":"2022-01-14T09:42:48+00:00","dateModified":"2022-01-14T09:42:50+00:00","mainEntityOfPage":{"@id":"https:\/\/www.m4.nu\/en\/nu-far-vi-antligen-lov-att-presentera-var-nya-konsultchef-i-malardalen-ninnie\/"},"wordCount":358,"commentCount":0,"publisher":{"@id":"https:\/\/www.m4.nu\/en\/#organization"},"image":{"@id":"https:\/\/www.m4.nu\/en\/nu-far-vi-antligen-lov-att-presentera-var-nya-konsultchef-i-malardalen-ninnie\/#primaryimage"},"thumbnailUrl":"https:\/\/www.m4.nu\/wp-content\/uploads\/2022\/01\/NinnieEhrlingfarg.png","articleSection":["Nyheter"],"inLanguage":"en-US","potentialAction":[{"@type":"CommentAction","name":"Comment","target":["https:\/\/www.m4.nu\/en\/nu-far-vi-antligen-lov-att-presentera-var-nya-konsultchef-i-malardalen-ninnie\/#respond"]}]},{"@type":"WebPage","@id":"https:\/\/www.m4.nu\/en\/nu-far-vi-antligen-lov-att-presentera-var-nya-konsultchef-i-malardalen-ninnie\/","url":"https:\/\/www.m4.nu\/en\/nu-far-vi-antligen-lov-att-presentera-var-nya-konsultchef-i-malardalen-ninnie\/","name":"Nu f\u00e5r vi \u00e4ntligen lov att presentera v\u00e5r nya konsultchef i M\u00e4lardalen, Ninnie! - M4","isPartOf":{"@id":"https:\/\/www.m4.nu\/en\/#website"},"primaryImageOfPage":{"@id":"https:\/\/www.m4.nu\/en\/nu-far-vi-antligen-lov-att-presentera-var-nya-konsultchef-i-malardalen-ninnie\/#primaryimage"},"image":{"@id":"https:\/\/www.m4.nu\/en\/nu-far-vi-antligen-lov-att-presentera-var-nya-konsultchef-i-malardalen-ninnie\/#primaryimage"},"thumbnailUrl":"https:\/\/www.m4.nu\/wp-content\/uploads\/2022\/01\/NinnieEhrlingfarg.png","datePublished":"2022-01-14T09:42:48+00:00","dateModified":"2022-01-14T09:42:50+00:00","breadcrumb":{"@id":"https:\/\/www.m4.nu\/en\/nu-far-vi-antligen-lov-att-presentera-var-nya-konsultchef-i-malardalen-ninnie\/#breadcrumb"},"inLanguage":"en-US","potentialAction":[{"@type":"ReadAction","target":["https:\/\/www.m4.nu\/en\/nu-far-vi-antligen-lov-att-presentera-var-nya-konsultchef-i-malardalen-ninnie\/"]}]},{"@type":"ImageObject","inLanguage":"en-US","@id":"https:\/\/www.m4.nu\/en\/nu-far-vi-antligen-lov-att-presentera-var-nya-konsultchef-i-malardalen-ninnie\/#primaryimage","url":"https:\/\/www.m4.nu\/wp-content\/uploads\/2022\/01\/NinnieEhrlingfarg.png","contentUrl":"https:\/\/www.m4.nu\/wp-content\/uploads\/2022\/01\/NinnieEhrlingfarg.png","width":2806,"height":2243},{"@type":"BreadcrumbList","@id":"https:\/\/www.m4.nu\/en\/nu-far-vi-antligen-lov-att-presentera-var-nya-konsultchef-i-malardalen-ninnie\/#breadcrumb","itemListElement":[{"@type":"ListItem","position":1,"name":"Home","item":"https:\/\/www.m4.nu\/en\/"},{"@type":"ListItem","position":2,"name":"Nu f\u00e5r vi \u00e4ntligen lov att presentera v\u00e5r nya konsultchef i M\u00e4lardalen, Ninnie!"}]},{"@type":"WebSite","@id":"https:\/\/www.m4.nu\/en\/#website","url":"https:\/\/www.m4.nu\/en\/","name":"M4","description":"m4-framtidens konsultbolag","publisher":{"@id":"https:\/\/www.m4.nu\/en\/#organization"},"potentialAction":[{"@type":"SearchAction","target":{"@type":"EntryPoint","urlTemplate":"https:\/\/www.m4.nu\/en\/?s={search_term_string}"},"query-input":{"@type":"PropertyValueSpecification","valueRequired":true,"valueName":"search_term_string"}}],"inLanguage":"en-US"},{"@type":"Organization","@id":"https:\/\/www.m4.nu\/en\/#organization","name":"M4","url":"https:\/\/www.m4.nu\/en\/","logo":{"@type":"ImageObject","inLanguage":"en-US","@id":"https:\/\/www.m4.nu\/en\/#\/schema\/logo\/image\/","url":"https:\/\/www.m4.nu\/wp-content\/uploads\/2019\/11\/cropped-m4_logotyp_CMYK.png","contentUrl":"https:\/\/www.m4.nu\/wp-content\/uploads\/2019\/11\/cropped-m4_logotyp_CMYK.png","width":103,"height":100,"caption":"M4"},"image":{"@id":"https:\/\/www.m4.nu\/en\/#\/schema\/logo\/image\/"}},{"@type":"Person","@id":"https:\/\/www.m4.nu\/en\/#\/schema\/person\/4c1ac5f110ac47d8e9bf58e7fe13b13f","name":"Amanda Rydin","image":{"@type":"ImageObject","inLanguage":"en-US","@id":"https:\/\/secure.gravatar.com\/avatar\/90bda582e246949f672b307e8b4bfd081f5c6db75ef8b928ac3c403c55c10c98?s=96&d=mm&r=g","url":"https:\/\/secure.gravatar.com\/avatar\/90bda582e246949f672b307e8b4bfd081f5c6db75ef8b928ac3c403c55c10c98?s=96&d=mm&r=g","contentUrl":"https:\/\/secure.gravatar.com\/avatar\/90bda582e246949f672b307e8b4bfd081f5c6db75ef8b928ac3c403c55c10c98?s=96&d=mm&r=g","caption":"Amanda Rydin"},"sameAs":["http:\/\/m4.nu"],"url":"https:\/\/www.m4.nu\/en\/author\/amandarydin\/"}]}},"_links":{"self":[{"href":"https:\/\/www.m4.nu\/en\/wp-json\/wp\/v2\/posts\/2273","targetHints":{"allow":["GET"]}}],"collection":[{"href":"https:\/\/www.m4.nu\/en\/wp-json\/wp\/v2\/posts"}],"about":[{"href":"https:\/\/www.m4.nu\/en\/wp-json\/wp\/v2\/types\/post"}],"author":[{"embeddable":true,"href":"https:\/\/www.m4.nu\/en\/wp-json\/wp\/v2\/users\/4"}],"replies":[{"embeddable":true,"href":"https:\/\/www.m4.nu\/en\/wp-json\/wp\/v2\/comments?post=2273"}],"version-history":[{"count":1,"href":"https:\/\/www.m4.nu\/en\/wp-json\/wp\/v2\/posts\/2273\/revisions"}],"predecessor-version":[{"id":2276,"href":"https:\/\/www.m4.nu\/en\/wp-json\/wp\/v2\/posts\/2273\/revisions\/2276"}],"wp:featuredmedia":[{"embeddable":true,"href":"https:\/\/www.m4.nu\/en\/wp-json\/wp\/v2\/media\/2274"}],"wp:attachment":[{"href":"https:\/\/www.m4.nu\/en\/wp-json\/wp\/v2\/media?parent=2273"}],"wp:term":[{"taxonomy":"category","embeddable":true,"href":"https:\/\/www.m4.nu\/en\/wp-json\/wp\/v2\/categories?post=2273"},{"taxonomy":"post_tag","embeddable":true,"href":"https:\/\/www.m4.nu\/en\/wp-json\/wp\/v2\/tags?post=2273"}],"curies":[{"name":"wp","href":"https:\/\/api.w.org\/{rel}","templated":true}]}}