{"id":2413,"date":"2022-07-01T10:30:39","date_gmt":"2022-07-01T08:30:39","guid":{"rendered":"https:\/\/www.m4.nu\/?p=2413"},"modified":"2022-07-01T10:30:40","modified_gmt":"2022-07-01T08:30:40","slug":"vi-valkomnar-en-framtid-med-fler-eldrivna-bilar","status":"publish","type":"post","link":"https:\/\/www.m4.nu\/en\/vi-valkomnar-en-framtid-med-fler-eldrivna-bilar\/","title":{"rendered":"Vi v\u00e4lkomnar en framtid med fler eldrivna bilar!"},"content":{"rendered":"\n<div class=\"wp-block-cover alignfull\"><span aria-hidden=\"true\" class=\"wp-block-cover__gradient-background has-background-dim\"><\/span><img loading=\"lazy\" decoding=\"async\" width=\"800\" height=\"360\" class=\"wp-block-cover__image-background wp-image-2414\" alt=\"\" src=\"https:\/\/www.m4.nu\/wp-content\/uploads\/2022\/07\/annatesla-social-media.gif\" style=\"object-position:56% 69%\" data-object-fit=\"cover\" data-object-position=\"56% 69%\"\/><div class=\"wp-block-cover__inner-container is-layout-flow wp-block-cover-is-layout-flow\">\n<p class=\"has-text-align-center has-large-font-size\">Vi v\u00e4lkomnar en framtid med fler eldrivna bilar!<\/p>\n<\/div><\/div>\n\n\n\n<p>Vi v\u00e4lkomnar en framtid med fler eldrivna bilar!<\/p>\n\n\n\n<p>Vi trivs som fiskar i vattnet n\u00e4r vi f\u00e5r arbeta med teknik och innovation i framkant, vilket \u00e4r varf\u00f6r vi g\u00f6r det vi g\u00f6r \u2013 v\u00e4ldigt bra.<\/p>\n\n\n\n<p>M\u00e5nga av v\u00e5ra medarbetare har uppdrag inom elektrifiering och vi ser att det \u00e4r ett omr\u00e5de som v\u00e4xer kraftigt.<\/p>\n\n\n\n<p>Anna \u00e4r en av fler medarbetare som har valt att k\u00f6ra @Tesla.<\/p>\n\n\n\n<p>&#8220;Jag har l\u00e4nge velat ha en elbil d\u00e5 jag vill v\u00e4rna om v\u00e5r natur. Tesla k\u00e4ndes det b\u00e4sta alternativet f\u00f6r de \u00e4r en av de b\u00e4sta p\u00e5 marknaden och har v\u00e4ldigt intressant teknologi.&#8221;<\/p>\n","protected":false},"excerpt":{"rendered":"<p>Vi v\u00e4lkomnar en framtid med fler eldrivna bilar! Vi trivs som fiskar i vattnet n\u00e4r vi f\u00e5r arbeta med teknik och innovation i framkant, vilket \u00e4r varf\u00f6r vi g\u00f6r det vi g\u00f6r \u2013 v\u00e4ldigt bra. M\u00e5nga av v\u00e5ra medarbetare har uppdrag inom elektrifiering och vi ser att det \u00e4r ett omr\u00e5de som v\u00e4xer kraftigt. Anna&#8230;<\/p>\n","protected":false},"author":4,"featured_media":2414,"comment_status":"open","ping_status":"open","sticky":false,"template":"","format":"standard","meta":{"_acf_changed":false,"footnotes":""},"categories":[3],"tags":[],"class_list":["post-2413","post","type-post","status-publish","format-standard","has-post-thumbnail","hentry","category-nyheter"],"acf":[],"yoast_head":"<!-- This site is optimized with the Yoast SEO plugin v27.5 - https:\/\/yoast.com\/product\/yoast-seo-wordpress\/ -->\n<title>Vi v\u00e4lkomnar en framtid med fler eldrivna bilar! - M4<\/title>\n<meta name=\"robots\" content=\"index, follow, max-snippet:-1, max-image-preview:large, max-video-preview:-1\" \/>\n<link rel=\"canonical\" href=\"https:\/\/www.m4.nu\/en\/vi-valkomnar-en-framtid-med-fler-eldrivna-bilar\/\" \/>\n<meta property=\"og:locale\" content=\"en_US\" \/>\n<meta property=\"og:type\" content=\"article\" \/>\n<meta property=\"og:title\" content=\"Vi v\u00e4lkomnar en framtid med fler eldrivna bilar! - M4\" \/>\n<meta property=\"og:description\" content=\"Vi v\u00e4lkomnar en framtid med fler eldrivna bilar! Vi trivs som fiskar i vattnet n\u00e4r vi f\u00e5r arbeta med teknik och innovation i framkant, vilket \u00e4r varf\u00f6r vi g\u00f6r det vi g\u00f6r \u2013 v\u00e4ldigt bra. M\u00e5nga av v\u00e5ra medarbetare har uppdrag inom elektrifiering och vi ser att det \u00e4r ett omr\u00e5de som v\u00e4xer kraftigt. Anna...\" \/>\n<meta property=\"og:url\" content=\"https:\/\/www.m4.nu\/en\/vi-valkomnar-en-framtid-med-fler-eldrivna-bilar\/\" \/>\n<meta property=\"og:site_name\" content=\"M4\" \/>\n<meta property=\"article:published_time\" content=\"2022-07-01T08:30:39+00:00\" \/>\n<meta property=\"article:modified_time\" content=\"2022-07-01T08:30:40+00:00\" \/>\n<meta property=\"og:image\" content=\"https:\/\/www.m4.nu\/wp-content\/uploads\/2022\/07\/annatesla-social-media.gif\" \/>\n\t<meta property=\"og:image:width\" content=\"800\" \/>\n\t<meta property=\"og:image:height\" content=\"360\" \/>\n\t<meta property=\"og:image:type\" content=\"image\/gif\" \/>\n<meta name=\"author\" content=\"Amanda Rydin\" \/>\n<meta name=\"twitter:card\" content=\"summary_large_image\" \/>\n<meta name=\"twitter:label1\" content=\"Written by\" \/>\n\t<meta name=\"twitter:data1\" content=\"Amanda Rydin\" \/>\n\t<meta name=\"twitter:label2\" content=\"Est. reading time\" \/>\n\t<meta name=\"twitter:data2\" content=\"1 minute\" \/>\n<script type=\"application\/ld+json\" class=\"yoast-schema-graph\">{\"@context\":\"https:\\\/\\\/schema.org\",\"@graph\":[{\"@type\":\"Article\",\"@id\":\"https:\\\/\\\/www.m4.nu\\\/en\\\/vi-valkomnar-en-framtid-med-fler-eldrivna-bilar\\\/#article\",\"isPartOf\":{\"@id\":\"https:\\\/\\\/www.m4.nu\\\/en\\\/vi-valkomnar-en-framtid-med-fler-eldrivna-bilar\\\/\"},\"author\":{\"name\":\"Amanda Rydin\",\"@id\":\"https:\\\/\\\/www.m4.nu\\\/en\\\/#\\\/schema\\\/person\\\/4c1ac5f110ac47d8e9bf58e7fe13b13f\"},\"headline\":\"Vi v\u00e4lkomnar en framtid med fler eldrivna bilar!\",\"datePublished\":\"2022-07-01T08:30:39+00:00\",\"dateModified\":\"2022-07-01T08:30:40+00:00\",\"mainEntityOfPage\":{\"@id\":\"https:\\\/\\\/www.m4.nu\\\/en\\\/vi-valkomnar-en-framtid-med-fler-eldrivna-bilar\\\/\"},\"wordCount\":136,\"commentCount\":0,\"publisher\":{\"@id\":\"https:\\\/\\\/www.m4.nu\\\/en\\\/#organization\"},\"image\":{\"@id\":\"https:\\\/\\\/www.m4.nu\\\/en\\\/vi-valkomnar-en-framtid-med-fler-eldrivna-bilar\\\/#primaryimage\"},\"thumbnailUrl\":\"https:\\\/\\\/www.m4.nu\\\/wp-content\\\/uploads\\\/2022\\\/07\\\/annatesla-social-media.gif\",\"articleSection\":[\"Nyheter\"],\"inLanguage\":\"en-US\",\"potentialAction\":[{\"@type\":\"CommentAction\",\"name\":\"Comment\",\"target\":[\"https:\\\/\\\/www.m4.nu\\\/en\\\/vi-valkomnar-en-framtid-med-fler-eldrivna-bilar\\\/#respond\"]}]},{\"@type\":\"WebPage\",\"@id\":\"https:\\\/\\\/www.m4.nu\\\/en\\\/vi-valkomnar-en-framtid-med-fler-eldrivna-bilar\\\/\",\"url\":\"https:\\\/\\\/www.m4.nu\\\/en\\\/vi-valkomnar-en-framtid-med-fler-eldrivna-bilar\\\/\",\"name\":\"Vi v\u00e4lkomnar en framtid med fler eldrivna bilar! - M4\",\"isPartOf\":{\"@id\":\"https:\\\/\\\/www.m4.nu\\\/en\\\/#website\"},\"primaryImageOfPage\":{\"@id\":\"https:\\\/\\\/www.m4.nu\\\/en\\\/vi-valkomnar-en-framtid-med-fler-eldrivna-bilar\\\/#primaryimage\"},\"image\":{\"@id\":\"https:\\\/\\\/www.m4.nu\\\/en\\\/vi-valkomnar-en-framtid-med-fler-eldrivna-bilar\\\/#primaryimage\"},\"thumbnailUrl\":\"https:\\\/\\\/www.m4.nu\\\/wp-content\\\/uploads\\\/2022\\\/07\\\/annatesla-social-media.gif\",\"datePublished\":\"2022-07-01T08:30:39+00:00\",\"dateModified\":\"2022-07-01T08:30:40+00:00\",\"breadcrumb\":{\"@id\":\"https:\\\/\\\/www.m4.nu\\\/en\\\/vi-valkomnar-en-framtid-med-fler-eldrivna-bilar\\\/#breadcrumb\"},\"inLanguage\":\"en-US\",\"potentialAction\":[{\"@type\":\"ReadAction\",\"target\":[\"https:\\\/\\\/www.m4.nu\\\/en\\\/vi-valkomnar-en-framtid-med-fler-eldrivna-bilar\\\/\"]}]},{\"@type\":\"ImageObject\",\"inLanguage\":\"en-US\",\"@id\":\"https:\\\/\\\/www.m4.nu\\\/en\\\/vi-valkomnar-en-framtid-med-fler-eldrivna-bilar\\\/#primaryimage\",\"url\":\"https:\\\/\\\/www.m4.nu\\\/wp-content\\\/uploads\\\/2022\\\/07\\\/annatesla-social-media.gif\",\"contentUrl\":\"https:\\\/\\\/www.m4.nu\\\/wp-content\\\/uploads\\\/2022\\\/07\\\/annatesla-social-media.gif\",\"width\":800,\"height\":360},{\"@type\":\"BreadcrumbList\",\"@id\":\"https:\\\/\\\/www.m4.nu\\\/en\\\/vi-valkomnar-en-framtid-med-fler-eldrivna-bilar\\\/#breadcrumb\",\"itemListElement\":[{\"@type\":\"ListItem\",\"position\":1,\"name\":\"Home\",\"item\":\"https:\\\/\\\/www.m4.nu\\\/en\\\/\"},{\"@type\":\"ListItem\",\"position\":2,\"name\":\"Vi v\u00e4lkomnar en framtid med fler eldrivna bilar!\"}]},{\"@type\":\"WebSite\",\"@id\":\"https:\\\/\\\/www.m4.nu\\\/en\\\/#website\",\"url\":\"https:\\\/\\\/www.m4.nu\\\/en\\\/\",\"name\":\"M4\",\"description\":\"m4-framtidens konsultbolag\",\"publisher\":{\"@id\":\"https:\\\/\\\/www.m4.nu\\\/en\\\/#organization\"},\"potentialAction\":[{\"@type\":\"SearchAction\",\"target\":{\"@type\":\"EntryPoint\",\"urlTemplate\":\"https:\\\/\\\/www.m4.nu\\\/en\\\/?s={search_term_string}\"},\"query-input\":{\"@type\":\"PropertyValueSpecification\",\"valueRequired\":true,\"valueName\":\"search_term_string\"}}],\"inLanguage\":\"en-US\"},{\"@type\":\"Organization\",\"@id\":\"https:\\\/\\\/www.m4.nu\\\/en\\\/#organization\",\"name\":\"M4\",\"url\":\"https:\\\/\\\/www.m4.nu\\\/en\\\/\",\"logo\":{\"@type\":\"ImageObject\",\"inLanguage\":\"en-US\",\"@id\":\"https:\\\/\\\/www.m4.nu\\\/en\\\/#\\\/schema\\\/logo\\\/image\\\/\",\"url\":\"https:\\\/\\\/www.m4.nu\\\/wp-content\\\/uploads\\\/2019\\\/11\\\/cropped-m4_logotyp_CMYK.png\",\"contentUrl\":\"https:\\\/\\\/www.m4.nu\\\/wp-content\\\/uploads\\\/2019\\\/11\\\/cropped-m4_logotyp_CMYK.png\",\"width\":103,\"height\":100,\"caption\":\"M4\"},\"image\":{\"@id\":\"https:\\\/\\\/www.m4.nu\\\/en\\\/#\\\/schema\\\/logo\\\/image\\\/\"}},{\"@type\":\"Person\",\"@id\":\"https:\\\/\\\/www.m4.nu\\\/en\\\/#\\\/schema\\\/person\\\/4c1ac5f110ac47d8e9bf58e7fe13b13f\",\"name\":\"Amanda Rydin\",\"image\":{\"@type\":\"ImageObject\",\"inLanguage\":\"en-US\",\"@id\":\"https:\\\/\\\/secure.gravatar.com\\\/avatar\\\/90bda582e246949f672b307e8b4bfd081f5c6db75ef8b928ac3c403c55c10c98?s=96&d=mm&r=g\",\"url\":\"https:\\\/\\\/secure.gravatar.com\\\/avatar\\\/90bda582e246949f672b307e8b4bfd081f5c6db75ef8b928ac3c403c55c10c98?s=96&d=mm&r=g\",\"contentUrl\":\"https:\\\/\\\/secure.gravatar.com\\\/avatar\\\/90bda582e246949f672b307e8b4bfd081f5c6db75ef8b928ac3c403c55c10c98?s=96&d=mm&r=g\",\"caption\":\"Amanda Rydin\"},\"sameAs\":[\"http:\\\/\\\/m4.nu\"],\"url\":\"https:\\\/\\\/www.m4.nu\\\/en\\\/author\\\/amandarydin\\\/\"}]}<\/script>\n<!-- \/ Yoast SEO plugin. -->","yoast_head_json":{"title":"Vi v\u00e4lkomnar en framtid med fler eldrivna bilar! - M4","robots":{"index":"index","follow":"follow","max-snippet":"max-snippet:-1","max-image-preview":"max-image-preview:large","max-video-preview":"max-video-preview:-1"},"canonical":"https:\/\/www.m4.nu\/en\/vi-valkomnar-en-framtid-med-fler-eldrivna-bilar\/","og_locale":"en_US","og_type":"article","og_title":"Vi v\u00e4lkomnar en framtid med fler eldrivna bilar! - M4","og_description":"Vi v\u00e4lkomnar en framtid med fler eldrivna bilar! Vi trivs som fiskar i vattnet n\u00e4r vi f\u00e5r arbeta med teknik och innovation i framkant, vilket \u00e4r varf\u00f6r vi g\u00f6r det vi g\u00f6r \u2013 v\u00e4ldigt bra. M\u00e5nga av v\u00e5ra medarbetare har uppdrag inom elektrifiering och vi ser att det \u00e4r ett omr\u00e5de som v\u00e4xer kraftigt. Anna...","og_url":"https:\/\/www.m4.nu\/en\/vi-valkomnar-en-framtid-med-fler-eldrivna-bilar\/","og_site_name":"M4","article_published_time":"2022-07-01T08:30:39+00:00","article_modified_time":"2022-07-01T08:30:40+00:00","og_image":[{"width":800,"height":360,"url":"https:\/\/www.m4.nu\/wp-content\/uploads\/2022\/07\/annatesla-social-media.gif","type":"image\/gif"}],"author":"Amanda Rydin","twitter_card":"summary_large_image","twitter_misc":{"Written by":"Amanda Rydin","Est. reading time":"1 minute"},"schema":{"@context":"https:\/\/schema.org","@graph":[{"@type":"Article","@id":"https:\/\/www.m4.nu\/en\/vi-valkomnar-en-framtid-med-fler-eldrivna-bilar\/#article","isPartOf":{"@id":"https:\/\/www.m4.nu\/en\/vi-valkomnar-en-framtid-med-fler-eldrivna-bilar\/"},"author":{"name":"Amanda Rydin","@id":"https:\/\/www.m4.nu\/en\/#\/schema\/person\/4c1ac5f110ac47d8e9bf58e7fe13b13f"},"headline":"Vi v\u00e4lkomnar en framtid med fler eldrivna bilar!","datePublished":"2022-07-01T08:30:39+00:00","dateModified":"2022-07-01T08:30:40+00:00","mainEntityOfPage":{"@id":"https:\/\/www.m4.nu\/en\/vi-valkomnar-en-framtid-med-fler-eldrivna-bilar\/"},"wordCount":136,"commentCount":0,"publisher":{"@id":"https:\/\/www.m4.nu\/en\/#organization"},"image":{"@id":"https:\/\/www.m4.nu\/en\/vi-valkomnar-en-framtid-med-fler-eldrivna-bilar\/#primaryimage"},"thumbnailUrl":"https:\/\/www.m4.nu\/wp-content\/uploads\/2022\/07\/annatesla-social-media.gif","articleSection":["Nyheter"],"inLanguage":"en-US","potentialAction":[{"@type":"CommentAction","name":"Comment","target":["https:\/\/www.m4.nu\/en\/vi-valkomnar-en-framtid-med-fler-eldrivna-bilar\/#respond"]}]},{"@type":"WebPage","@id":"https:\/\/www.m4.nu\/en\/vi-valkomnar-en-framtid-med-fler-eldrivna-bilar\/","url":"https:\/\/www.m4.nu\/en\/vi-valkomnar-en-framtid-med-fler-eldrivna-bilar\/","name":"Vi v\u00e4lkomnar en framtid med fler eldrivna bilar! - M4","isPartOf":{"@id":"https:\/\/www.m4.nu\/en\/#website"},"primaryImageOfPage":{"@id":"https:\/\/www.m4.nu\/en\/vi-valkomnar-en-framtid-med-fler-eldrivna-bilar\/#primaryimage"},"image":{"@id":"https:\/\/www.m4.nu\/en\/vi-valkomnar-en-framtid-med-fler-eldrivna-bilar\/#primaryimage"},"thumbnailUrl":"https:\/\/www.m4.nu\/wp-content\/uploads\/2022\/07\/annatesla-social-media.gif","datePublished":"2022-07-01T08:30:39+00:00","dateModified":"2022-07-01T08:30:40+00:00","breadcrumb":{"@id":"https:\/\/www.m4.nu\/en\/vi-valkomnar-en-framtid-med-fler-eldrivna-bilar\/#breadcrumb"},"inLanguage":"en-US","potentialAction":[{"@type":"ReadAction","target":["https:\/\/www.m4.nu\/en\/vi-valkomnar-en-framtid-med-fler-eldrivna-bilar\/"]}]},{"@type":"ImageObject","inLanguage":"en-US","@id":"https:\/\/www.m4.nu\/en\/vi-valkomnar-en-framtid-med-fler-eldrivna-bilar\/#primaryimage","url":"https:\/\/www.m4.nu\/wp-content\/uploads\/2022\/07\/annatesla-social-media.gif","contentUrl":"https:\/\/www.m4.nu\/wp-content\/uploads\/2022\/07\/annatesla-social-media.gif","width":800,"height":360},{"@type":"BreadcrumbList","@id":"https:\/\/www.m4.nu\/en\/vi-valkomnar-en-framtid-med-fler-eldrivna-bilar\/#breadcrumb","itemListElement":[{"@type":"ListItem","position":1,"name":"Home","item":"https:\/\/www.m4.nu\/en\/"},{"@type":"ListItem","position":2,"name":"Vi v\u00e4lkomnar en framtid med fler eldrivna bilar!"}]},{"@type":"WebSite","@id":"https:\/\/www.m4.nu\/en\/#website","url":"https:\/\/www.m4.nu\/en\/","name":"M4","description":"m4-framtidens konsultbolag","publisher":{"@id":"https:\/\/www.m4.nu\/en\/#organization"},"potentialAction":[{"@type":"SearchAction","target":{"@type":"EntryPoint","urlTemplate":"https:\/\/www.m4.nu\/en\/?s={search_term_string}"},"query-input":{"@type":"PropertyValueSpecification","valueRequired":true,"valueName":"search_term_string"}}],"inLanguage":"en-US"},{"@type":"Organization","@id":"https:\/\/www.m4.nu\/en\/#organization","name":"M4","url":"https:\/\/www.m4.nu\/en\/","logo":{"@type":"ImageObject","inLanguage":"en-US","@id":"https:\/\/www.m4.nu\/en\/#\/schema\/logo\/image\/","url":"https:\/\/www.m4.nu\/wp-content\/uploads\/2019\/11\/cropped-m4_logotyp_CMYK.png","contentUrl":"https:\/\/www.m4.nu\/wp-content\/uploads\/2019\/11\/cropped-m4_logotyp_CMYK.png","width":103,"height":100,"caption":"M4"},"image":{"@id":"https:\/\/www.m4.nu\/en\/#\/schema\/logo\/image\/"}},{"@type":"Person","@id":"https:\/\/www.m4.nu\/en\/#\/schema\/person\/4c1ac5f110ac47d8e9bf58e7fe13b13f","name":"Amanda Rydin","image":{"@type":"ImageObject","inLanguage":"en-US","@id":"https:\/\/secure.gravatar.com\/avatar\/90bda582e246949f672b307e8b4bfd081f5c6db75ef8b928ac3c403c55c10c98?s=96&d=mm&r=g","url":"https:\/\/secure.gravatar.com\/avatar\/90bda582e246949f672b307e8b4bfd081f5c6db75ef8b928ac3c403c55c10c98?s=96&d=mm&r=g","contentUrl":"https:\/\/secure.gravatar.com\/avatar\/90bda582e246949f672b307e8b4bfd081f5c6db75ef8b928ac3c403c55c10c98?s=96&d=mm&r=g","caption":"Amanda Rydin"},"sameAs":["http:\/\/m4.nu"],"url":"https:\/\/www.m4.nu\/en\/author\/amandarydin\/"}]}},"_links":{"self":[{"href":"https:\/\/www.m4.nu\/en\/wp-json\/wp\/v2\/posts\/2413","targetHints":{"allow":["GET"]}}],"collection":[{"href":"https:\/\/www.m4.nu\/en\/wp-json\/wp\/v2\/posts"}],"about":[{"href":"https:\/\/www.m4.nu\/en\/wp-json\/wp\/v2\/types\/post"}],"author":[{"embeddable":true,"href":"https:\/\/www.m4.nu\/en\/wp-json\/wp\/v2\/users\/4"}],"replies":[{"embeddable":true,"href":"https:\/\/www.m4.nu\/en\/wp-json\/wp\/v2\/comments?post=2413"}],"version-history":[{"count":2,"href":"https:\/\/www.m4.nu\/en\/wp-json\/wp\/v2\/posts\/2413\/revisions"}],"predecessor-version":[{"id":2417,"href":"https:\/\/www.m4.nu\/en\/wp-json\/wp\/v2\/posts\/2413\/revisions\/2417"}],"wp:featuredmedia":[{"embeddable":true,"href":"https:\/\/www.m4.nu\/en\/wp-json\/wp\/v2\/media\/2414"}],"wp:attachment":[{"href":"https:\/\/www.m4.nu\/en\/wp-json\/wp\/v2\/media?parent=2413"}],"wp:term":[{"taxonomy":"category","embeddable":true,"href":"https:\/\/www.m4.nu\/en\/wp-json\/wp\/v2\/categories?post=2413"},{"taxonomy":"post_tag","embeddable":true,"href":"https:\/\/www.m4.nu\/en\/wp-json\/wp\/v2\/tags?post=2413"}],"curies":[{"name":"wp","href":"https:\/\/api.w.org\/{rel}","templated":true}]}}