{"id":2509,"date":"2023-01-20T13:20:25","date_gmt":"2023-01-20T12:20:25","guid":{"rendered":"https:\/\/www.m4.nu\/?p=2509"},"modified":"2023-01-20T13:21:48","modified_gmt":"2023-01-20T12:21:48","slug":"det-vi-sager-att-vi-kan-ar-vi-riktigt-vassa-pa","status":"publish","type":"post","link":"https:\/\/www.m4.nu\/en\/det-vi-sager-att-vi-kan-ar-vi-riktigt-vassa-pa\/","title":{"rendered":"Det vi s\u00e4ger att vi kan \u2013 \u00e4r vi riktigt vassa p\u00e5."},"content":{"rendered":"\n<div class=\"wp-block-cover alignfull is-light\" style=\"min-height:430px;aspect-ratio:unset;\"><span aria-hidden=\"true\" class=\"wp-block-cover__background has-background-dim\"><\/span><img loading=\"lazy\" decoding=\"async\" width=\"2560\" height=\"1707\" class=\"wp-block-cover__image-background wp-image-2510\" alt=\"\" src=\"https:\/\/www.m4.nu\/wp-content\/uploads\/2023\/01\/pexels-negative-space-92904-scaled.jpg\" data-object-fit=\"cover\" srcset=\"https:\/\/www.m4.nu\/wp-content\/uploads\/2023\/01\/pexels-negative-space-92904-scaled.jpg 2560w, https:\/\/www.m4.nu\/wp-content\/uploads\/2023\/01\/pexels-negative-space-92904-300x200.jpg 300w, https:\/\/www.m4.nu\/wp-content\/uploads\/2023\/01\/pexels-negative-space-92904-1024x683.jpg 1024w, https:\/\/www.m4.nu\/wp-content\/uploads\/2023\/01\/pexels-negative-space-92904-768x512.jpg 768w, https:\/\/www.m4.nu\/wp-content\/uploads\/2023\/01\/pexels-negative-space-92904-1536x1024.jpg 1536w, https:\/\/www.m4.nu\/wp-content\/uploads\/2023\/01\/pexels-negative-space-92904-2048x1366.jpg 2048w, https:\/\/www.m4.nu\/wp-content\/uploads\/2023\/01\/pexels-negative-space-92904-1568x1046.jpg 1568w\" sizes=\"auto, (max-width: 2560px) 100vw, 2560px\" \/><div class=\"wp-block-cover__inner-container is-layout-flow wp-block-cover-is-layout-flow\">\n<p class=\"has-text-align-center has-large-font-size\"><strong>Det vi s\u00e4ger att vi kan \u2013 \u00e4r vi riktigt vassa p\u00e5.<\/strong><\/p>\n<\/div><\/div>\n\n\n\n<p>Det vi s\u00e4ger att vi kan \u2013 \u00e4r vi riktigt vassa p\u00e5.<\/p>\n\n\n\n<p>Vi handplockar v\u00e5ra konsulter och erbjuder kunder och partners branschens b\u00e4sta kompetensbank.<\/p>\n\n\n\n<p>Ett ben som vi st\u00e5r starka p\u00e5 \u00e4r design, utveckling och test av avancerade IT-system.<\/p>\n\n\n\n<p>V\u00e5ra konsulter arbetar med systemutvecklingens samtliga faser och vi \u00e4r inte inriktade p\u00e5 en specifik teknikstack. Kundens behov och milj\u00f6 avg\u00f6r vilken l\u00f6sning som \u00e4r b\u00e4st l\u00e4mpad. Vi har specialistkompetens inom JavaScript\/React, C#\/.Net, Java, C++, Android, DB, Cloud och testautomation.<\/p>\n","protected":false},"excerpt":{"rendered":"<p>Det vi s\u00e4ger att vi kan \u2013 \u00e4r vi riktigt vassa p\u00e5. Vi handplockar v\u00e5ra konsulter och erbjuder kunder och partners branschens b\u00e4sta kompetensbank. Ett ben som vi st\u00e5r starka p\u00e5 \u00e4r design, utveckling och test av avancerade IT-system. V\u00e5ra konsulter arbetar med systemutvecklingens samtliga faser och vi \u00e4r inte inriktade p\u00e5 en specifik teknikstack&#8230;.<\/p>\n","protected":false},"author":4,"featured_media":2510,"comment_status":"open","ping_status":"open","sticky":false,"template":"","format":"standard","meta":{"_acf_changed":false,"footnotes":""},"categories":[3],"tags":[],"class_list":["post-2509","post","type-post","status-publish","format-standard","has-post-thumbnail","hentry","category-nyheter"],"acf":[],"yoast_head":"<!-- This site is optimized with the Yoast SEO plugin v27.5 - https:\/\/yoast.com\/product\/yoast-seo-wordpress\/ -->\n<title>Det vi s\u00e4ger att vi kan \u2013 \u00e4r vi riktigt vassa p\u00e5. - M4<\/title>\n<meta name=\"robots\" content=\"index, follow, max-snippet:-1, max-image-preview:large, max-video-preview:-1\" \/>\n<link rel=\"canonical\" href=\"https:\/\/www.m4.nu\/en\/det-vi-sager-att-vi-kan-ar-vi-riktigt-vassa-pa\/\" \/>\n<meta property=\"og:locale\" content=\"en_US\" \/>\n<meta property=\"og:type\" content=\"article\" \/>\n<meta property=\"og:title\" content=\"Det vi s\u00e4ger att vi kan \u2013 \u00e4r vi riktigt vassa p\u00e5. - M4\" \/>\n<meta property=\"og:description\" content=\"Det vi s\u00e4ger att vi kan \u2013 \u00e4r vi riktigt vassa p\u00e5. Vi handplockar v\u00e5ra konsulter och erbjuder kunder och partners branschens b\u00e4sta kompetensbank. Ett ben som vi st\u00e5r starka p\u00e5 \u00e4r design, utveckling och test av avancerade IT-system. V\u00e5ra konsulter arbetar med systemutvecklingens samtliga faser och vi \u00e4r inte inriktade p\u00e5 en specifik teknikstack....\" \/>\n<meta property=\"og:url\" content=\"https:\/\/www.m4.nu\/en\/det-vi-sager-att-vi-kan-ar-vi-riktigt-vassa-pa\/\" \/>\n<meta property=\"og:site_name\" content=\"M4\" \/>\n<meta property=\"article:published_time\" content=\"2023-01-20T12:20:25+00:00\" \/>\n<meta property=\"article:modified_time\" content=\"2023-01-20T12:21:48+00:00\" \/>\n<meta property=\"og:image\" content=\"https:\/\/www.m4.nu\/wp-content\/uploads\/2023\/01\/pexels-negative-space-92904-scaled.jpg\" \/>\n\t<meta property=\"og:image:width\" content=\"2560\" \/>\n\t<meta property=\"og:image:height\" content=\"1707\" \/>\n\t<meta property=\"og:image:type\" content=\"image\/jpeg\" \/>\n<meta name=\"author\" content=\"Amanda Rydin\" \/>\n<meta name=\"twitter:card\" content=\"summary_large_image\" \/>\n<meta name=\"twitter:label1\" content=\"Written by\" \/>\n\t<meta name=\"twitter:data1\" content=\"Amanda Rydin\" \/>\n\t<meta name=\"twitter:label2\" content=\"Est. reading time\" \/>\n\t<meta name=\"twitter:data2\" content=\"1 minute\" \/>\n<script type=\"application\/ld+json\" class=\"yoast-schema-graph\">{\"@context\":\"https:\\\/\\\/schema.org\",\"@graph\":[{\"@type\":\"Article\",\"@id\":\"https:\\\/\\\/www.m4.nu\\\/en\\\/det-vi-sager-att-vi-kan-ar-vi-riktigt-vassa-pa\\\/#article\",\"isPartOf\":{\"@id\":\"https:\\\/\\\/www.m4.nu\\\/en\\\/det-vi-sager-att-vi-kan-ar-vi-riktigt-vassa-pa\\\/\"},\"author\":{\"name\":\"Amanda Rydin\",\"@id\":\"https:\\\/\\\/www.m4.nu\\\/en\\\/#\\\/schema\\\/person\\\/4c1ac5f110ac47d8e9bf58e7fe13b13f\"},\"headline\":\"Det vi s\u00e4ger att vi kan \u2013 \u00e4r vi riktigt vassa p\u00e5.\",\"datePublished\":\"2023-01-20T12:20:25+00:00\",\"dateModified\":\"2023-01-20T12:21:48+00:00\",\"mainEntityOfPage\":{\"@id\":\"https:\\\/\\\/www.m4.nu\\\/en\\\/det-vi-sager-att-vi-kan-ar-vi-riktigt-vassa-pa\\\/\"},\"wordCount\":113,\"commentCount\":0,\"publisher\":{\"@id\":\"https:\\\/\\\/www.m4.nu\\\/en\\\/#organization\"},\"image\":{\"@id\":\"https:\\\/\\\/www.m4.nu\\\/en\\\/det-vi-sager-att-vi-kan-ar-vi-riktigt-vassa-pa\\\/#primaryimage\"},\"thumbnailUrl\":\"https:\\\/\\\/www.m4.nu\\\/wp-content\\\/uploads\\\/2023\\\/01\\\/pexels-negative-space-92904-scaled.jpg\",\"articleSection\":[\"Nyheter\"],\"inLanguage\":\"en-US\",\"potentialAction\":[{\"@type\":\"CommentAction\",\"name\":\"Comment\",\"target\":[\"https:\\\/\\\/www.m4.nu\\\/en\\\/det-vi-sager-att-vi-kan-ar-vi-riktigt-vassa-pa\\\/#respond\"]}]},{\"@type\":\"WebPage\",\"@id\":\"https:\\\/\\\/www.m4.nu\\\/en\\\/det-vi-sager-att-vi-kan-ar-vi-riktigt-vassa-pa\\\/\",\"url\":\"https:\\\/\\\/www.m4.nu\\\/en\\\/det-vi-sager-att-vi-kan-ar-vi-riktigt-vassa-pa\\\/\",\"name\":\"Det vi s\u00e4ger att vi kan \u2013 \u00e4r vi riktigt vassa p\u00e5. - M4\",\"isPartOf\":{\"@id\":\"https:\\\/\\\/www.m4.nu\\\/en\\\/#website\"},\"primaryImageOfPage\":{\"@id\":\"https:\\\/\\\/www.m4.nu\\\/en\\\/det-vi-sager-att-vi-kan-ar-vi-riktigt-vassa-pa\\\/#primaryimage\"},\"image\":{\"@id\":\"https:\\\/\\\/www.m4.nu\\\/en\\\/det-vi-sager-att-vi-kan-ar-vi-riktigt-vassa-pa\\\/#primaryimage\"},\"thumbnailUrl\":\"https:\\\/\\\/www.m4.nu\\\/wp-content\\\/uploads\\\/2023\\\/01\\\/pexels-negative-space-92904-scaled.jpg\",\"datePublished\":\"2023-01-20T12:20:25+00:00\",\"dateModified\":\"2023-01-20T12:21:48+00:00\",\"breadcrumb\":{\"@id\":\"https:\\\/\\\/www.m4.nu\\\/en\\\/det-vi-sager-att-vi-kan-ar-vi-riktigt-vassa-pa\\\/#breadcrumb\"},\"inLanguage\":\"en-US\",\"potentialAction\":[{\"@type\":\"ReadAction\",\"target\":[\"https:\\\/\\\/www.m4.nu\\\/en\\\/det-vi-sager-att-vi-kan-ar-vi-riktigt-vassa-pa\\\/\"]}]},{\"@type\":\"ImageObject\",\"inLanguage\":\"en-US\",\"@id\":\"https:\\\/\\\/www.m4.nu\\\/en\\\/det-vi-sager-att-vi-kan-ar-vi-riktigt-vassa-pa\\\/#primaryimage\",\"url\":\"https:\\\/\\\/www.m4.nu\\\/wp-content\\\/uploads\\\/2023\\\/01\\\/pexels-negative-space-92904-scaled.jpg\",\"contentUrl\":\"https:\\\/\\\/www.m4.nu\\\/wp-content\\\/uploads\\\/2023\\\/01\\\/pexels-negative-space-92904-scaled.jpg\",\"width\":2560,\"height\":1707},{\"@type\":\"BreadcrumbList\",\"@id\":\"https:\\\/\\\/www.m4.nu\\\/en\\\/det-vi-sager-att-vi-kan-ar-vi-riktigt-vassa-pa\\\/#breadcrumb\",\"itemListElement\":[{\"@type\":\"ListItem\",\"position\":1,\"name\":\"Home\",\"item\":\"https:\\\/\\\/www.m4.nu\\\/en\\\/\"},{\"@type\":\"ListItem\",\"position\":2,\"name\":\"Det vi s\u00e4ger att vi kan \u2013 \u00e4r vi riktigt vassa p\u00e5.\"}]},{\"@type\":\"WebSite\",\"@id\":\"https:\\\/\\\/www.m4.nu\\\/en\\\/#website\",\"url\":\"https:\\\/\\\/www.m4.nu\\\/en\\\/\",\"name\":\"M4\",\"description\":\"m4-framtidens konsultbolag\",\"publisher\":{\"@id\":\"https:\\\/\\\/www.m4.nu\\\/en\\\/#organization\"},\"potentialAction\":[{\"@type\":\"SearchAction\",\"target\":{\"@type\":\"EntryPoint\",\"urlTemplate\":\"https:\\\/\\\/www.m4.nu\\\/en\\\/?s={search_term_string}\"},\"query-input\":{\"@type\":\"PropertyValueSpecification\",\"valueRequired\":true,\"valueName\":\"search_term_string\"}}],\"inLanguage\":\"en-US\"},{\"@type\":\"Organization\",\"@id\":\"https:\\\/\\\/www.m4.nu\\\/en\\\/#organization\",\"name\":\"M4\",\"url\":\"https:\\\/\\\/www.m4.nu\\\/en\\\/\",\"logo\":{\"@type\":\"ImageObject\",\"inLanguage\":\"en-US\",\"@id\":\"https:\\\/\\\/www.m4.nu\\\/en\\\/#\\\/schema\\\/logo\\\/image\\\/\",\"url\":\"https:\\\/\\\/www.m4.nu\\\/wp-content\\\/uploads\\\/2019\\\/11\\\/cropped-m4_logotyp_CMYK.png\",\"contentUrl\":\"https:\\\/\\\/www.m4.nu\\\/wp-content\\\/uploads\\\/2019\\\/11\\\/cropped-m4_logotyp_CMYK.png\",\"width\":103,\"height\":100,\"caption\":\"M4\"},\"image\":{\"@id\":\"https:\\\/\\\/www.m4.nu\\\/en\\\/#\\\/schema\\\/logo\\\/image\\\/\"}},{\"@type\":\"Person\",\"@id\":\"https:\\\/\\\/www.m4.nu\\\/en\\\/#\\\/schema\\\/person\\\/4c1ac5f110ac47d8e9bf58e7fe13b13f\",\"name\":\"Amanda Rydin\",\"image\":{\"@type\":\"ImageObject\",\"inLanguage\":\"en-US\",\"@id\":\"https:\\\/\\\/secure.gravatar.com\\\/avatar\\\/90bda582e246949f672b307e8b4bfd081f5c6db75ef8b928ac3c403c55c10c98?s=96&d=mm&r=g\",\"url\":\"https:\\\/\\\/secure.gravatar.com\\\/avatar\\\/90bda582e246949f672b307e8b4bfd081f5c6db75ef8b928ac3c403c55c10c98?s=96&d=mm&r=g\",\"contentUrl\":\"https:\\\/\\\/secure.gravatar.com\\\/avatar\\\/90bda582e246949f672b307e8b4bfd081f5c6db75ef8b928ac3c403c55c10c98?s=96&d=mm&r=g\",\"caption\":\"Amanda Rydin\"},\"sameAs\":[\"http:\\\/\\\/m4.nu\"],\"url\":\"https:\\\/\\\/www.m4.nu\\\/en\\\/author\\\/amandarydin\\\/\"}]}<\/script>\n<!-- \/ Yoast SEO plugin. -->","yoast_head_json":{"title":"Det vi s\u00e4ger att vi kan \u2013 \u00e4r vi riktigt vassa p\u00e5. - M4","robots":{"index":"index","follow":"follow","max-snippet":"max-snippet:-1","max-image-preview":"max-image-preview:large","max-video-preview":"max-video-preview:-1"},"canonical":"https:\/\/www.m4.nu\/en\/det-vi-sager-att-vi-kan-ar-vi-riktigt-vassa-pa\/","og_locale":"en_US","og_type":"article","og_title":"Det vi s\u00e4ger att vi kan \u2013 \u00e4r vi riktigt vassa p\u00e5. - M4","og_description":"Det vi s\u00e4ger att vi kan \u2013 \u00e4r vi riktigt vassa p\u00e5. Vi handplockar v\u00e5ra konsulter och erbjuder kunder och partners branschens b\u00e4sta kompetensbank. Ett ben som vi st\u00e5r starka p\u00e5 \u00e4r design, utveckling och test av avancerade IT-system. V\u00e5ra konsulter arbetar med systemutvecklingens samtliga faser och vi \u00e4r inte inriktade p\u00e5 en specifik teknikstack....","og_url":"https:\/\/www.m4.nu\/en\/det-vi-sager-att-vi-kan-ar-vi-riktigt-vassa-pa\/","og_site_name":"M4","article_published_time":"2023-01-20T12:20:25+00:00","article_modified_time":"2023-01-20T12:21:48+00:00","og_image":[{"width":2560,"height":1707,"url":"https:\/\/www.m4.nu\/wp-content\/uploads\/2023\/01\/pexels-negative-space-92904-scaled.jpg","type":"image\/jpeg"}],"author":"Amanda Rydin","twitter_card":"summary_large_image","twitter_misc":{"Written by":"Amanda Rydin","Est. reading time":"1 minute"},"schema":{"@context":"https:\/\/schema.org","@graph":[{"@type":"Article","@id":"https:\/\/www.m4.nu\/en\/det-vi-sager-att-vi-kan-ar-vi-riktigt-vassa-pa\/#article","isPartOf":{"@id":"https:\/\/www.m4.nu\/en\/det-vi-sager-att-vi-kan-ar-vi-riktigt-vassa-pa\/"},"author":{"name":"Amanda Rydin","@id":"https:\/\/www.m4.nu\/en\/#\/schema\/person\/4c1ac5f110ac47d8e9bf58e7fe13b13f"},"headline":"Det vi s\u00e4ger att vi kan \u2013 \u00e4r vi riktigt vassa p\u00e5.","datePublished":"2023-01-20T12:20:25+00:00","dateModified":"2023-01-20T12:21:48+00:00","mainEntityOfPage":{"@id":"https:\/\/www.m4.nu\/en\/det-vi-sager-att-vi-kan-ar-vi-riktigt-vassa-pa\/"},"wordCount":113,"commentCount":0,"publisher":{"@id":"https:\/\/www.m4.nu\/en\/#organization"},"image":{"@id":"https:\/\/www.m4.nu\/en\/det-vi-sager-att-vi-kan-ar-vi-riktigt-vassa-pa\/#primaryimage"},"thumbnailUrl":"https:\/\/www.m4.nu\/wp-content\/uploads\/2023\/01\/pexels-negative-space-92904-scaled.jpg","articleSection":["Nyheter"],"inLanguage":"en-US","potentialAction":[{"@type":"CommentAction","name":"Comment","target":["https:\/\/www.m4.nu\/en\/det-vi-sager-att-vi-kan-ar-vi-riktigt-vassa-pa\/#respond"]}]},{"@type":"WebPage","@id":"https:\/\/www.m4.nu\/en\/det-vi-sager-att-vi-kan-ar-vi-riktigt-vassa-pa\/","url":"https:\/\/www.m4.nu\/en\/det-vi-sager-att-vi-kan-ar-vi-riktigt-vassa-pa\/","name":"Det vi s\u00e4ger att vi kan \u2013 \u00e4r vi riktigt vassa p\u00e5. - M4","isPartOf":{"@id":"https:\/\/www.m4.nu\/en\/#website"},"primaryImageOfPage":{"@id":"https:\/\/www.m4.nu\/en\/det-vi-sager-att-vi-kan-ar-vi-riktigt-vassa-pa\/#primaryimage"},"image":{"@id":"https:\/\/www.m4.nu\/en\/det-vi-sager-att-vi-kan-ar-vi-riktigt-vassa-pa\/#primaryimage"},"thumbnailUrl":"https:\/\/www.m4.nu\/wp-content\/uploads\/2023\/01\/pexels-negative-space-92904-scaled.jpg","datePublished":"2023-01-20T12:20:25+00:00","dateModified":"2023-01-20T12:21:48+00:00","breadcrumb":{"@id":"https:\/\/www.m4.nu\/en\/det-vi-sager-att-vi-kan-ar-vi-riktigt-vassa-pa\/#breadcrumb"},"inLanguage":"en-US","potentialAction":[{"@type":"ReadAction","target":["https:\/\/www.m4.nu\/en\/det-vi-sager-att-vi-kan-ar-vi-riktigt-vassa-pa\/"]}]},{"@type":"ImageObject","inLanguage":"en-US","@id":"https:\/\/www.m4.nu\/en\/det-vi-sager-att-vi-kan-ar-vi-riktigt-vassa-pa\/#primaryimage","url":"https:\/\/www.m4.nu\/wp-content\/uploads\/2023\/01\/pexels-negative-space-92904-scaled.jpg","contentUrl":"https:\/\/www.m4.nu\/wp-content\/uploads\/2023\/01\/pexels-negative-space-92904-scaled.jpg","width":2560,"height":1707},{"@type":"BreadcrumbList","@id":"https:\/\/www.m4.nu\/en\/det-vi-sager-att-vi-kan-ar-vi-riktigt-vassa-pa\/#breadcrumb","itemListElement":[{"@type":"ListItem","position":1,"name":"Home","item":"https:\/\/www.m4.nu\/en\/"},{"@type":"ListItem","position":2,"name":"Det vi s\u00e4ger att vi kan \u2013 \u00e4r vi riktigt vassa p\u00e5."}]},{"@type":"WebSite","@id":"https:\/\/www.m4.nu\/en\/#website","url":"https:\/\/www.m4.nu\/en\/","name":"M4","description":"m4-framtidens konsultbolag","publisher":{"@id":"https:\/\/www.m4.nu\/en\/#organization"},"potentialAction":[{"@type":"SearchAction","target":{"@type":"EntryPoint","urlTemplate":"https:\/\/www.m4.nu\/en\/?s={search_term_string}"},"query-input":{"@type":"PropertyValueSpecification","valueRequired":true,"valueName":"search_term_string"}}],"inLanguage":"en-US"},{"@type":"Organization","@id":"https:\/\/www.m4.nu\/en\/#organization","name":"M4","url":"https:\/\/www.m4.nu\/en\/","logo":{"@type":"ImageObject","inLanguage":"en-US","@id":"https:\/\/www.m4.nu\/en\/#\/schema\/logo\/image\/","url":"https:\/\/www.m4.nu\/wp-content\/uploads\/2019\/11\/cropped-m4_logotyp_CMYK.png","contentUrl":"https:\/\/www.m4.nu\/wp-content\/uploads\/2019\/11\/cropped-m4_logotyp_CMYK.png","width":103,"height":100,"caption":"M4"},"image":{"@id":"https:\/\/www.m4.nu\/en\/#\/schema\/logo\/image\/"}},{"@type":"Person","@id":"https:\/\/www.m4.nu\/en\/#\/schema\/person\/4c1ac5f110ac47d8e9bf58e7fe13b13f","name":"Amanda Rydin","image":{"@type":"ImageObject","inLanguage":"en-US","@id":"https:\/\/secure.gravatar.com\/avatar\/90bda582e246949f672b307e8b4bfd081f5c6db75ef8b928ac3c403c55c10c98?s=96&d=mm&r=g","url":"https:\/\/secure.gravatar.com\/avatar\/90bda582e246949f672b307e8b4bfd081f5c6db75ef8b928ac3c403c55c10c98?s=96&d=mm&r=g","contentUrl":"https:\/\/secure.gravatar.com\/avatar\/90bda582e246949f672b307e8b4bfd081f5c6db75ef8b928ac3c403c55c10c98?s=96&d=mm&r=g","caption":"Amanda Rydin"},"sameAs":["http:\/\/m4.nu"],"url":"https:\/\/www.m4.nu\/en\/author\/amandarydin\/"}]}},"_links":{"self":[{"href":"https:\/\/www.m4.nu\/en\/wp-json\/wp\/v2\/posts\/2509","targetHints":{"allow":["GET"]}}],"collection":[{"href":"https:\/\/www.m4.nu\/en\/wp-json\/wp\/v2\/posts"}],"about":[{"href":"https:\/\/www.m4.nu\/en\/wp-json\/wp\/v2\/types\/post"}],"author":[{"embeddable":true,"href":"https:\/\/www.m4.nu\/en\/wp-json\/wp\/v2\/users\/4"}],"replies":[{"embeddable":true,"href":"https:\/\/www.m4.nu\/en\/wp-json\/wp\/v2\/comments?post=2509"}],"version-history":[{"count":2,"href":"https:\/\/www.m4.nu\/en\/wp-json\/wp\/v2\/posts\/2509\/revisions"}],"predecessor-version":[{"id":2514,"href":"https:\/\/www.m4.nu\/en\/wp-json\/wp\/v2\/posts\/2509\/revisions\/2514"}],"wp:featuredmedia":[{"embeddable":true,"href":"https:\/\/www.m4.nu\/en\/wp-json\/wp\/v2\/media\/2510"}],"wp:attachment":[{"href":"https:\/\/www.m4.nu\/en\/wp-json\/wp\/v2\/media?parent=2509"}],"wp:term":[{"taxonomy":"category","embeddable":true,"href":"https:\/\/www.m4.nu\/en\/wp-json\/wp\/v2\/categories?post=2509"},{"taxonomy":"post_tag","embeddable":true,"href":"https:\/\/www.m4.nu\/en\/wp-json\/wp\/v2\/tags?post=2509"}],"curies":[{"name":"wp","href":"https:\/\/api.w.org\/{rel}","templated":true}]}}