{"id":2570,"date":"2023-04-21T07:57:16","date_gmt":"2023-04-21T05:57:16","guid":{"rendered":"https:\/\/www.m4.nu\/?p=2570"},"modified":"2023-04-21T07:57:18","modified_gmt":"2023-04-21T05:57:18","slug":"%e2%9c%88%ef%b8%8f-gemenskap-och-arbetsgladje","status":"publish","type":"post","link":"https:\/\/www.m4.nu\/en\/%e2%9c%88%ef%b8%8f-gemenskap-och-arbetsgladje\/","title":{"rendered":"<strong>\u2708\ufe0f Gemenskap och arbetsgl\u00e4dje<\/strong>"},"content":{"rendered":"\n<div class=\"wp-block-cover alignfull is-light\"><span aria-hidden=\"true\" class=\"wp-block-cover__background has-background-dim\"><\/span><img loading=\"lazy\" decoding=\"async\" width=\"2560\" height=\"1644\" class=\"wp-block-cover__image-background wp-image-2571\" alt=\"\" src=\"https:\/\/www.m4.nu\/wp-content\/uploads\/2023\/04\/Nurburgring-scaled.jpg\" style=\"object-position:47% 22%\" data-object-fit=\"cover\" data-object-position=\"47% 22%\" srcset=\"https:\/\/www.m4.nu\/wp-content\/uploads\/2023\/04\/Nurburgring-scaled.jpg 2560w, https:\/\/www.m4.nu\/wp-content\/uploads\/2023\/04\/Nurburgring-300x193.jpg 300w, https:\/\/www.m4.nu\/wp-content\/uploads\/2023\/04\/Nurburgring-1024x658.jpg 1024w, https:\/\/www.m4.nu\/wp-content\/uploads\/2023\/04\/Nurburgring-768x493.jpg 768w, https:\/\/www.m4.nu\/wp-content\/uploads\/2023\/04\/Nurburgring-1536x986.jpg 1536w, https:\/\/www.m4.nu\/wp-content\/uploads\/2023\/04\/Nurburgring-2048x1315.jpg 2048w, https:\/\/www.m4.nu\/wp-content\/uploads\/2023\/04\/Nurburgring-1568x1007.jpg 1568w\" sizes=\"auto, (max-width: 2560px) 100vw, 2560px\" \/><div class=\"wp-block-cover__inner-container is-layout-flow wp-block-cover-is-layout-flow\">\n<p class=\"has-text-align-center has-large-font-size\"><strong>\u2708\ufe0f Gemenskap och arbetsgl\u00e4dje<\/strong><\/p>\n<\/div><\/div>\n\n\n\n<p><strong>\u2708\ufe0f<\/strong><strong> Gemenskap och arbetsgl\u00e4dje<\/strong><\/p>\n\n\n\n<p>N\u00e4r du som konsult \u00e4r ute p\u00e5 uppdrag arbetar du tillsammans med dina kollegor hos kunderna. Samtidigt ser vi till att du alltid k\u00e4nner dig som en i m4-g\u00e4nget och att du har en naturlig plats i v\u00e5r gemenskap. Vi tr\u00e4ffas s\u00e5 ofta som m\u00f6jligt f\u00f6r st\u00f6rre aktiviteter med t ex teambuilding, utbildningar eller resor. Vi brukar best\u00e4mma vad vi vill g\u00f6ra tillsammans och sen sticker vi iv\u00e4g, allihop. P\u00e5 de orter i landet d\u00e4r vi har stationerade konsulter h\u00e5lls ocks\u00e5 m\u00e5nadsluncher. Vid dessa tillf\u00e4llen kan du och dina m4-kollegor diskutera allt mellan himmel och jord, under avslappnade former. Kommande konferensresor \u00e4r i planering och blir fokus p\u00e5 m\u00e5ende\/h\u00e4lsa och \u00e4ven en favorit i n\u00e4stan repris till N\u00fcrburgring.<\/p>\n","protected":false},"excerpt":{"rendered":"<p>\u2708\ufe0f Gemenskap och arbetsgl\u00e4dje N\u00e4r du som konsult \u00e4r ute p\u00e5 uppdrag arbetar du tillsammans med dina kollegor hos kunderna. Samtidigt ser vi till att du alltid k\u00e4nner dig som en i m4-g\u00e4nget och att du har en naturlig plats i v\u00e5r gemenskap. Vi tr\u00e4ffas s\u00e5 ofta som m\u00f6jligt f\u00f6r st\u00f6rre aktiviteter med t ex&#8230;<\/p>\n","protected":false},"author":4,"featured_media":2571,"comment_status":"open","ping_status":"open","sticky":false,"template":"","format":"standard","meta":{"_acf_changed":false,"footnotes":""},"categories":[3],"tags":[],"class_list":["post-2570","post","type-post","status-publish","format-standard","has-post-thumbnail","hentry","category-nyheter"],"acf":[],"yoast_head":"<!-- This site is optimized with the Yoast SEO plugin v27.5 - https:\/\/yoast.com\/product\/yoast-seo-wordpress\/ -->\n<title>\u2708\ufe0f Gemenskap och arbetsgl\u00e4dje - M4<\/title>\n<meta name=\"robots\" content=\"index, follow, max-snippet:-1, max-image-preview:large, max-video-preview:-1\" \/>\n<link rel=\"canonical\" href=\"https:\/\/www.m4.nu\/en\/%e2%9c%88%ef%b8%8f-gemenskap-och-arbetsgladje\/\" \/>\n<meta property=\"og:locale\" content=\"en_US\" \/>\n<meta property=\"og:type\" content=\"article\" \/>\n<meta property=\"og:title\" content=\"\u2708\ufe0f Gemenskap och arbetsgl\u00e4dje - M4\" \/>\n<meta property=\"og:description\" content=\"\u2708\ufe0f Gemenskap och arbetsgl\u00e4dje N\u00e4r du som konsult \u00e4r ute p\u00e5 uppdrag arbetar du tillsammans med dina kollegor hos kunderna. Samtidigt ser vi till att du alltid k\u00e4nner dig som en i m4-g\u00e4nget och att du har en naturlig plats i v\u00e5r gemenskap. Vi tr\u00e4ffas s\u00e5 ofta som m\u00f6jligt f\u00f6r st\u00f6rre aktiviteter med t ex...\" \/>\n<meta property=\"og:url\" content=\"https:\/\/www.m4.nu\/en\/%e2%9c%88%ef%b8%8f-gemenskap-och-arbetsgladje\/\" \/>\n<meta property=\"og:site_name\" content=\"M4\" \/>\n<meta property=\"article:published_time\" content=\"2023-04-21T05:57:16+00:00\" \/>\n<meta property=\"article:modified_time\" content=\"2023-04-21T05:57:18+00:00\" \/>\n<meta property=\"og:image\" content=\"https:\/\/www.m4.nu\/wp-content\/uploads\/2023\/04\/Nurburgring-scaled.jpg\" \/>\n\t<meta property=\"og:image:width\" content=\"2560\" \/>\n\t<meta property=\"og:image:height\" content=\"1644\" \/>\n\t<meta property=\"og:image:type\" content=\"image\/jpeg\" \/>\n<meta name=\"author\" content=\"Amanda Rydin\" \/>\n<meta name=\"twitter:card\" content=\"summary_large_image\" \/>\n<meta name=\"twitter:label1\" content=\"Written by\" \/>\n\t<meta name=\"twitter:data1\" content=\"Amanda Rydin\" \/>\n\t<meta name=\"twitter:label2\" content=\"Est. reading time\" \/>\n\t<meta name=\"twitter:data2\" content=\"1 minute\" \/>\n<script type=\"application\/ld+json\" class=\"yoast-schema-graph\">{\"@context\":\"https:\\\/\\\/schema.org\",\"@graph\":[{\"@type\":\"Article\",\"@id\":\"https:\\\/\\\/www.m4.nu\\\/en\\\/%e2%9c%88%ef%b8%8f-gemenskap-och-arbetsgladje\\\/#article\",\"isPartOf\":{\"@id\":\"https:\\\/\\\/www.m4.nu\\\/en\\\/%e2%9c%88%ef%b8%8f-gemenskap-och-arbetsgladje\\\/\"},\"author\":{\"name\":\"Amanda Rydin\",\"@id\":\"https:\\\/\\\/www.m4.nu\\\/en\\\/#\\\/schema\\\/person\\\/4c1ac5f110ac47d8e9bf58e7fe13b13f\"},\"headline\":\"\u2708\ufe0f Gemenskap och arbetsgl\u00e4dje\",\"datePublished\":\"2023-04-21T05:57:16+00:00\",\"dateModified\":\"2023-04-21T05:57:18+00:00\",\"mainEntityOfPage\":{\"@id\":\"https:\\\/\\\/www.m4.nu\\\/en\\\/%e2%9c%88%ef%b8%8f-gemenskap-och-arbetsgladje\\\/\"},\"wordCount\":152,\"commentCount\":0,\"publisher\":{\"@id\":\"https:\\\/\\\/www.m4.nu\\\/en\\\/#organization\"},\"image\":{\"@id\":\"https:\\\/\\\/www.m4.nu\\\/en\\\/%e2%9c%88%ef%b8%8f-gemenskap-och-arbetsgladje\\\/#primaryimage\"},\"thumbnailUrl\":\"https:\\\/\\\/www.m4.nu\\\/wp-content\\\/uploads\\\/2023\\\/04\\\/Nurburgring-scaled.jpg\",\"articleSection\":[\"Nyheter\"],\"inLanguage\":\"en-US\",\"potentialAction\":[{\"@type\":\"CommentAction\",\"name\":\"Comment\",\"target\":[\"https:\\\/\\\/www.m4.nu\\\/en\\\/%e2%9c%88%ef%b8%8f-gemenskap-och-arbetsgladje\\\/#respond\"]}]},{\"@type\":\"WebPage\",\"@id\":\"https:\\\/\\\/www.m4.nu\\\/en\\\/%e2%9c%88%ef%b8%8f-gemenskap-och-arbetsgladje\\\/\",\"url\":\"https:\\\/\\\/www.m4.nu\\\/en\\\/%e2%9c%88%ef%b8%8f-gemenskap-och-arbetsgladje\\\/\",\"name\":\"\u2708\ufe0f Gemenskap och arbetsgl\u00e4dje - M4\",\"isPartOf\":{\"@id\":\"https:\\\/\\\/www.m4.nu\\\/en\\\/#website\"},\"primaryImageOfPage\":{\"@id\":\"https:\\\/\\\/www.m4.nu\\\/en\\\/%e2%9c%88%ef%b8%8f-gemenskap-och-arbetsgladje\\\/#primaryimage\"},\"image\":{\"@id\":\"https:\\\/\\\/www.m4.nu\\\/en\\\/%e2%9c%88%ef%b8%8f-gemenskap-och-arbetsgladje\\\/#primaryimage\"},\"thumbnailUrl\":\"https:\\\/\\\/www.m4.nu\\\/wp-content\\\/uploads\\\/2023\\\/04\\\/Nurburgring-scaled.jpg\",\"datePublished\":\"2023-04-21T05:57:16+00:00\",\"dateModified\":\"2023-04-21T05:57:18+00:00\",\"breadcrumb\":{\"@id\":\"https:\\\/\\\/www.m4.nu\\\/en\\\/%e2%9c%88%ef%b8%8f-gemenskap-och-arbetsgladje\\\/#breadcrumb\"},\"inLanguage\":\"en-US\",\"potentialAction\":[{\"@type\":\"ReadAction\",\"target\":[\"https:\\\/\\\/www.m4.nu\\\/en\\\/%e2%9c%88%ef%b8%8f-gemenskap-och-arbetsgladje\\\/\"]}]},{\"@type\":\"ImageObject\",\"inLanguage\":\"en-US\",\"@id\":\"https:\\\/\\\/www.m4.nu\\\/en\\\/%e2%9c%88%ef%b8%8f-gemenskap-och-arbetsgladje\\\/#primaryimage\",\"url\":\"https:\\\/\\\/www.m4.nu\\\/wp-content\\\/uploads\\\/2023\\\/04\\\/Nurburgring-scaled.jpg\",\"contentUrl\":\"https:\\\/\\\/www.m4.nu\\\/wp-content\\\/uploads\\\/2023\\\/04\\\/Nurburgring-scaled.jpg\",\"width\":2560,\"height\":1644},{\"@type\":\"BreadcrumbList\",\"@id\":\"https:\\\/\\\/www.m4.nu\\\/en\\\/%e2%9c%88%ef%b8%8f-gemenskap-och-arbetsgladje\\\/#breadcrumb\",\"itemListElement\":[{\"@type\":\"ListItem\",\"position\":1,\"name\":\"Home\",\"item\":\"https:\\\/\\\/www.m4.nu\\\/en\\\/\"},{\"@type\":\"ListItem\",\"position\":2,\"name\":\"\u2708\ufe0f Gemenskap och arbetsgl\u00e4dje\"}]},{\"@type\":\"WebSite\",\"@id\":\"https:\\\/\\\/www.m4.nu\\\/en\\\/#website\",\"url\":\"https:\\\/\\\/www.m4.nu\\\/en\\\/\",\"name\":\"M4\",\"description\":\"m4-framtidens konsultbolag\",\"publisher\":{\"@id\":\"https:\\\/\\\/www.m4.nu\\\/en\\\/#organization\"},\"potentialAction\":[{\"@type\":\"SearchAction\",\"target\":{\"@type\":\"EntryPoint\",\"urlTemplate\":\"https:\\\/\\\/www.m4.nu\\\/en\\\/?s={search_term_string}\"},\"query-input\":{\"@type\":\"PropertyValueSpecification\",\"valueRequired\":true,\"valueName\":\"search_term_string\"}}],\"inLanguage\":\"en-US\"},{\"@type\":\"Organization\",\"@id\":\"https:\\\/\\\/www.m4.nu\\\/en\\\/#organization\",\"name\":\"M4\",\"url\":\"https:\\\/\\\/www.m4.nu\\\/en\\\/\",\"logo\":{\"@type\":\"ImageObject\",\"inLanguage\":\"en-US\",\"@id\":\"https:\\\/\\\/www.m4.nu\\\/en\\\/#\\\/schema\\\/logo\\\/image\\\/\",\"url\":\"https:\\\/\\\/www.m4.nu\\\/wp-content\\\/uploads\\\/2019\\\/11\\\/cropped-m4_logotyp_CMYK.png\",\"contentUrl\":\"https:\\\/\\\/www.m4.nu\\\/wp-content\\\/uploads\\\/2019\\\/11\\\/cropped-m4_logotyp_CMYK.png\",\"width\":103,\"height\":100,\"caption\":\"M4\"},\"image\":{\"@id\":\"https:\\\/\\\/www.m4.nu\\\/en\\\/#\\\/schema\\\/logo\\\/image\\\/\"}},{\"@type\":\"Person\",\"@id\":\"https:\\\/\\\/www.m4.nu\\\/en\\\/#\\\/schema\\\/person\\\/4c1ac5f110ac47d8e9bf58e7fe13b13f\",\"name\":\"Amanda Rydin\",\"image\":{\"@type\":\"ImageObject\",\"inLanguage\":\"en-US\",\"@id\":\"https:\\\/\\\/secure.gravatar.com\\\/avatar\\\/90bda582e246949f672b307e8b4bfd081f5c6db75ef8b928ac3c403c55c10c98?s=96&d=mm&r=g\",\"url\":\"https:\\\/\\\/secure.gravatar.com\\\/avatar\\\/90bda582e246949f672b307e8b4bfd081f5c6db75ef8b928ac3c403c55c10c98?s=96&d=mm&r=g\",\"contentUrl\":\"https:\\\/\\\/secure.gravatar.com\\\/avatar\\\/90bda582e246949f672b307e8b4bfd081f5c6db75ef8b928ac3c403c55c10c98?s=96&d=mm&r=g\",\"caption\":\"Amanda Rydin\"},\"sameAs\":[\"http:\\\/\\\/m4.nu\"],\"url\":\"https:\\\/\\\/www.m4.nu\\\/en\\\/author\\\/amandarydin\\\/\"}]}<\/script>\n<!-- \/ Yoast SEO plugin. -->","yoast_head_json":{"title":"\u2708\ufe0f Gemenskap och arbetsgl\u00e4dje - M4","robots":{"index":"index","follow":"follow","max-snippet":"max-snippet:-1","max-image-preview":"max-image-preview:large","max-video-preview":"max-video-preview:-1"},"canonical":"https:\/\/www.m4.nu\/en\/%e2%9c%88%ef%b8%8f-gemenskap-och-arbetsgladje\/","og_locale":"en_US","og_type":"article","og_title":"\u2708\ufe0f Gemenskap och arbetsgl\u00e4dje - M4","og_description":"\u2708\ufe0f Gemenskap och arbetsgl\u00e4dje N\u00e4r du som konsult \u00e4r ute p\u00e5 uppdrag arbetar du tillsammans med dina kollegor hos kunderna. Samtidigt ser vi till att du alltid k\u00e4nner dig som en i m4-g\u00e4nget och att du har en naturlig plats i v\u00e5r gemenskap. Vi tr\u00e4ffas s\u00e5 ofta som m\u00f6jligt f\u00f6r st\u00f6rre aktiviteter med t ex...","og_url":"https:\/\/www.m4.nu\/en\/%e2%9c%88%ef%b8%8f-gemenskap-och-arbetsgladje\/","og_site_name":"M4","article_published_time":"2023-04-21T05:57:16+00:00","article_modified_time":"2023-04-21T05:57:18+00:00","og_image":[{"width":2560,"height":1644,"url":"https:\/\/www.m4.nu\/wp-content\/uploads\/2023\/04\/Nurburgring-scaled.jpg","type":"image\/jpeg"}],"author":"Amanda Rydin","twitter_card":"summary_large_image","twitter_misc":{"Written by":"Amanda Rydin","Est. reading time":"1 minute"},"schema":{"@context":"https:\/\/schema.org","@graph":[{"@type":"Article","@id":"https:\/\/www.m4.nu\/en\/%e2%9c%88%ef%b8%8f-gemenskap-och-arbetsgladje\/#article","isPartOf":{"@id":"https:\/\/www.m4.nu\/en\/%e2%9c%88%ef%b8%8f-gemenskap-och-arbetsgladje\/"},"author":{"name":"Amanda Rydin","@id":"https:\/\/www.m4.nu\/en\/#\/schema\/person\/4c1ac5f110ac47d8e9bf58e7fe13b13f"},"headline":"\u2708\ufe0f Gemenskap och arbetsgl\u00e4dje","datePublished":"2023-04-21T05:57:16+00:00","dateModified":"2023-04-21T05:57:18+00:00","mainEntityOfPage":{"@id":"https:\/\/www.m4.nu\/en\/%e2%9c%88%ef%b8%8f-gemenskap-och-arbetsgladje\/"},"wordCount":152,"commentCount":0,"publisher":{"@id":"https:\/\/www.m4.nu\/en\/#organization"},"image":{"@id":"https:\/\/www.m4.nu\/en\/%e2%9c%88%ef%b8%8f-gemenskap-och-arbetsgladje\/#primaryimage"},"thumbnailUrl":"https:\/\/www.m4.nu\/wp-content\/uploads\/2023\/04\/Nurburgring-scaled.jpg","articleSection":["Nyheter"],"inLanguage":"en-US","potentialAction":[{"@type":"CommentAction","name":"Comment","target":["https:\/\/www.m4.nu\/en\/%e2%9c%88%ef%b8%8f-gemenskap-och-arbetsgladje\/#respond"]}]},{"@type":"WebPage","@id":"https:\/\/www.m4.nu\/en\/%e2%9c%88%ef%b8%8f-gemenskap-och-arbetsgladje\/","url":"https:\/\/www.m4.nu\/en\/%e2%9c%88%ef%b8%8f-gemenskap-och-arbetsgladje\/","name":"\u2708\ufe0f Gemenskap och arbetsgl\u00e4dje - M4","isPartOf":{"@id":"https:\/\/www.m4.nu\/en\/#website"},"primaryImageOfPage":{"@id":"https:\/\/www.m4.nu\/en\/%e2%9c%88%ef%b8%8f-gemenskap-och-arbetsgladje\/#primaryimage"},"image":{"@id":"https:\/\/www.m4.nu\/en\/%e2%9c%88%ef%b8%8f-gemenskap-och-arbetsgladje\/#primaryimage"},"thumbnailUrl":"https:\/\/www.m4.nu\/wp-content\/uploads\/2023\/04\/Nurburgring-scaled.jpg","datePublished":"2023-04-21T05:57:16+00:00","dateModified":"2023-04-21T05:57:18+00:00","breadcrumb":{"@id":"https:\/\/www.m4.nu\/en\/%e2%9c%88%ef%b8%8f-gemenskap-och-arbetsgladje\/#breadcrumb"},"inLanguage":"en-US","potentialAction":[{"@type":"ReadAction","target":["https:\/\/www.m4.nu\/en\/%e2%9c%88%ef%b8%8f-gemenskap-och-arbetsgladje\/"]}]},{"@type":"ImageObject","inLanguage":"en-US","@id":"https:\/\/www.m4.nu\/en\/%e2%9c%88%ef%b8%8f-gemenskap-och-arbetsgladje\/#primaryimage","url":"https:\/\/www.m4.nu\/wp-content\/uploads\/2023\/04\/Nurburgring-scaled.jpg","contentUrl":"https:\/\/www.m4.nu\/wp-content\/uploads\/2023\/04\/Nurburgring-scaled.jpg","width":2560,"height":1644},{"@type":"BreadcrumbList","@id":"https:\/\/www.m4.nu\/en\/%e2%9c%88%ef%b8%8f-gemenskap-och-arbetsgladje\/#breadcrumb","itemListElement":[{"@type":"ListItem","position":1,"name":"Home","item":"https:\/\/www.m4.nu\/en\/"},{"@type":"ListItem","position":2,"name":"\u2708\ufe0f Gemenskap och arbetsgl\u00e4dje"}]},{"@type":"WebSite","@id":"https:\/\/www.m4.nu\/en\/#website","url":"https:\/\/www.m4.nu\/en\/","name":"M4","description":"m4-framtidens konsultbolag","publisher":{"@id":"https:\/\/www.m4.nu\/en\/#organization"},"potentialAction":[{"@type":"SearchAction","target":{"@type":"EntryPoint","urlTemplate":"https:\/\/www.m4.nu\/en\/?s={search_term_string}"},"query-input":{"@type":"PropertyValueSpecification","valueRequired":true,"valueName":"search_term_string"}}],"inLanguage":"en-US"},{"@type":"Organization","@id":"https:\/\/www.m4.nu\/en\/#organization","name":"M4","url":"https:\/\/www.m4.nu\/en\/","logo":{"@type":"ImageObject","inLanguage":"en-US","@id":"https:\/\/www.m4.nu\/en\/#\/schema\/logo\/image\/","url":"https:\/\/www.m4.nu\/wp-content\/uploads\/2019\/11\/cropped-m4_logotyp_CMYK.png","contentUrl":"https:\/\/www.m4.nu\/wp-content\/uploads\/2019\/11\/cropped-m4_logotyp_CMYK.png","width":103,"height":100,"caption":"M4"},"image":{"@id":"https:\/\/www.m4.nu\/en\/#\/schema\/logo\/image\/"}},{"@type":"Person","@id":"https:\/\/www.m4.nu\/en\/#\/schema\/person\/4c1ac5f110ac47d8e9bf58e7fe13b13f","name":"Amanda Rydin","image":{"@type":"ImageObject","inLanguage":"en-US","@id":"https:\/\/secure.gravatar.com\/avatar\/90bda582e246949f672b307e8b4bfd081f5c6db75ef8b928ac3c403c55c10c98?s=96&d=mm&r=g","url":"https:\/\/secure.gravatar.com\/avatar\/90bda582e246949f672b307e8b4bfd081f5c6db75ef8b928ac3c403c55c10c98?s=96&d=mm&r=g","contentUrl":"https:\/\/secure.gravatar.com\/avatar\/90bda582e246949f672b307e8b4bfd081f5c6db75ef8b928ac3c403c55c10c98?s=96&d=mm&r=g","caption":"Amanda Rydin"},"sameAs":["http:\/\/m4.nu"],"url":"https:\/\/www.m4.nu\/en\/author\/amandarydin\/"}]}},"_links":{"self":[{"href":"https:\/\/www.m4.nu\/en\/wp-json\/wp\/v2\/posts\/2570","targetHints":{"allow":["GET"]}}],"collection":[{"href":"https:\/\/www.m4.nu\/en\/wp-json\/wp\/v2\/posts"}],"about":[{"href":"https:\/\/www.m4.nu\/en\/wp-json\/wp\/v2\/types\/post"}],"author":[{"embeddable":true,"href":"https:\/\/www.m4.nu\/en\/wp-json\/wp\/v2\/users\/4"}],"replies":[{"embeddable":true,"href":"https:\/\/www.m4.nu\/en\/wp-json\/wp\/v2\/comments?post=2570"}],"version-history":[{"count":1,"href":"https:\/\/www.m4.nu\/en\/wp-json\/wp\/v2\/posts\/2570\/revisions"}],"predecessor-version":[{"id":2573,"href":"https:\/\/www.m4.nu\/en\/wp-json\/wp\/v2\/posts\/2570\/revisions\/2573"}],"wp:featuredmedia":[{"embeddable":true,"href":"https:\/\/www.m4.nu\/en\/wp-json\/wp\/v2\/media\/2571"}],"wp:attachment":[{"href":"https:\/\/www.m4.nu\/en\/wp-json\/wp\/v2\/media?parent=2570"}],"wp:term":[{"taxonomy":"category","embeddable":true,"href":"https:\/\/www.m4.nu\/en\/wp-json\/wp\/v2\/categories?post=2570"},{"taxonomy":"post_tag","embeddable":true,"href":"https:\/\/www.m4.nu\/en\/wp-json\/wp\/v2\/tags?post=2570"}],"curies":[{"name":"wp","href":"https:\/\/api.w.org\/{rel}","templated":true}]}}