{"id":2682,"date":"2023-11-20T14:53:30","date_gmt":"2023-11-20T13:53:30","guid":{"rendered":"https:\/\/www.m4.nu\/?p=2682"},"modified":"2023-11-20T14:54:37","modified_gmt":"2023-11-20T13:54:37","slug":"konferensresa-i-halsans-anda","status":"publish","type":"post","link":"https:\/\/www.m4.nu\/en\/konferensresa-i-halsans-anda\/","title":{"rendered":"Konferensresa i h\u00e4lsans anda!"},"content":{"rendered":"\n<figure class=\"wp-block-image alignfull size-large\"><img loading=\"lazy\" decoding=\"async\" width=\"1024\" height=\"768\" src=\"https:\/\/www.m4.nu\/wp-content\/uploads\/2023\/11\/Wellnessresa-1024x768.png\" alt=\"\" class=\"wp-image-2683\" srcset=\"https:\/\/www.m4.nu\/wp-content\/uploads\/2023\/11\/Wellnessresa-1024x768.png 1024w, https:\/\/www.m4.nu\/wp-content\/uploads\/2023\/11\/Wellnessresa-300x225.png 300w, https:\/\/www.m4.nu\/wp-content\/uploads\/2023\/11\/Wellnessresa-768x576.png 768w, https:\/\/www.m4.nu\/wp-content\/uploads\/2023\/11\/Wellnessresa-1536x1152.png 1536w, https:\/\/www.m4.nu\/wp-content\/uploads\/2023\/11\/Wellnessresa-2048x1536.png 2048w, https:\/\/www.m4.nu\/wp-content\/uploads\/2023\/11\/Wellnessresa-1568x1176.png 1568w\" sizes=\"auto, (max-width: 1024px) 100vw, 1024px\" \/><\/figure>\n\n\n\n<p>Konferensresa i h\u00e4lsans anda!<\/p>\n\n\n\n<p>Vi \u00e4r nu hemkomna efter n\u00e5gra dagar d\u00e4r fokus har varit p\u00e5 h\u00e4lsa och v\u00e4lm\u00e5ende. En riktigt lyckad konferensresa, d\u00e4r v\u00e4dret verkligen var med oss.<\/p>\n\n\n\n<p>\u00a0Gymtr\u00e4ning, l\u00f6pning och surfing \u00e4r vissa av aktiviteterna vi hann att genomf\u00f6ra, ut\u00f6ver givande konversationer och dialoger.<\/p>\n\n\n\n<p>N\u00e4sta resa \u00e4r redan under planering!<\/p>\n","protected":false},"excerpt":{"rendered":"<p>Konferensresa i h\u00e4lsans anda! Vi \u00e4r nu hemkomna efter n\u00e5gra dagar d\u00e4r fokus har varit p\u00e5 h\u00e4lsa och v\u00e4lm\u00e5ende. En riktigt lyckad konferensresa, d\u00e4r v\u00e4dret verkligen var med oss. \u00a0Gymtr\u00e4ning, l\u00f6pning och surfing \u00e4r vissa av aktiviteterna vi hann att genomf\u00f6ra, ut\u00f6ver givande konversationer och dialoger. N\u00e4sta resa \u00e4r redan under planering!<\/p>\n","protected":false},"author":4,"featured_media":2683,"comment_status":"open","ping_status":"open","sticky":false,"template":"","format":"standard","meta":{"_acf_changed":false,"footnotes":""},"categories":[3],"tags":[],"class_list":["post-2682","post","type-post","status-publish","format-standard","has-post-thumbnail","hentry","category-nyheter"],"acf":[],"yoast_head":"<!-- This site is optimized with the Yoast SEO plugin v27.5 - https:\/\/yoast.com\/product\/yoast-seo-wordpress\/ -->\n<title>Konferensresa i h\u00e4lsans anda! - M4<\/title>\n<meta name=\"robots\" content=\"index, follow, max-snippet:-1, max-image-preview:large, max-video-preview:-1\" \/>\n<link rel=\"canonical\" href=\"https:\/\/www.m4.nu\/en\/konferensresa-i-halsans-anda\/\" \/>\n<meta property=\"og:locale\" content=\"en_US\" \/>\n<meta property=\"og:type\" content=\"article\" \/>\n<meta property=\"og:title\" content=\"Konferensresa i h\u00e4lsans anda! - M4\" \/>\n<meta property=\"og:description\" content=\"Konferensresa i h\u00e4lsans anda! Vi \u00e4r nu hemkomna efter n\u00e5gra dagar d\u00e4r fokus har varit p\u00e5 h\u00e4lsa och v\u00e4lm\u00e5ende. En riktigt lyckad konferensresa, d\u00e4r v\u00e4dret verkligen var med oss. \u00a0Gymtr\u00e4ning, l\u00f6pning och surfing \u00e4r vissa av aktiviteterna vi hann att genomf\u00f6ra, ut\u00f6ver givande konversationer och dialoger. N\u00e4sta resa \u00e4r redan under planering!\" \/>\n<meta property=\"og:url\" content=\"https:\/\/www.m4.nu\/en\/konferensresa-i-halsans-anda\/\" \/>\n<meta property=\"og:site_name\" content=\"M4\" \/>\n<meta property=\"article:published_time\" content=\"2023-11-20T13:53:30+00:00\" \/>\n<meta property=\"article:modified_time\" content=\"2023-11-20T13:54:37+00:00\" \/>\n<meta property=\"og:image\" content=\"https:\/\/www.m4.nu\/wp-content\/uploads\/2023\/11\/Wellnessresa-1024x768.png\" \/>\n\t<meta property=\"og:image:width\" content=\"1024\" \/>\n\t<meta property=\"og:image:height\" content=\"768\" \/>\n\t<meta property=\"og:image:type\" content=\"image\/png\" \/>\n<meta name=\"author\" content=\"Amanda Rydin\" \/>\n<meta name=\"twitter:card\" content=\"summary_large_image\" \/>\n<meta name=\"twitter:label1\" content=\"Written by\" \/>\n\t<meta name=\"twitter:data1\" content=\"Amanda Rydin\" \/>\n\t<meta name=\"twitter:label2\" content=\"Est. reading time\" \/>\n\t<meta name=\"twitter:data2\" content=\"1 minute\" \/>\n<script type=\"application\/ld+json\" class=\"yoast-schema-graph\">{\"@context\":\"https:\\\/\\\/schema.org\",\"@graph\":[{\"@type\":\"Article\",\"@id\":\"https:\\\/\\\/www.m4.nu\\\/en\\\/konferensresa-i-halsans-anda\\\/#article\",\"isPartOf\":{\"@id\":\"https:\\\/\\\/www.m4.nu\\\/en\\\/konferensresa-i-halsans-anda\\\/\"},\"author\":{\"name\":\"Amanda Rydin\",\"@id\":\"https:\\\/\\\/www.m4.nu\\\/en\\\/#\\\/schema\\\/person\\\/4c1ac5f110ac47d8e9bf58e7fe13b13f\"},\"headline\":\"Konferensresa i h\u00e4lsans anda!\",\"datePublished\":\"2023-11-20T13:53:30+00:00\",\"dateModified\":\"2023-11-20T13:54:37+00:00\",\"mainEntityOfPage\":{\"@id\":\"https:\\\/\\\/www.m4.nu\\\/en\\\/konferensresa-i-halsans-anda\\\/\"},\"wordCount\":70,\"commentCount\":0,\"publisher\":{\"@id\":\"https:\\\/\\\/www.m4.nu\\\/en\\\/#organization\"},\"image\":{\"@id\":\"https:\\\/\\\/www.m4.nu\\\/en\\\/konferensresa-i-halsans-anda\\\/#primaryimage\"},\"thumbnailUrl\":\"https:\\\/\\\/www.m4.nu\\\/wp-content\\\/uploads\\\/2023\\\/11\\\/Wellnessresa.png\",\"articleSection\":[\"Nyheter\"],\"inLanguage\":\"en-US\",\"potentialAction\":[{\"@type\":\"CommentAction\",\"name\":\"Comment\",\"target\":[\"https:\\\/\\\/www.m4.nu\\\/en\\\/konferensresa-i-halsans-anda\\\/#respond\"]}]},{\"@type\":\"WebPage\",\"@id\":\"https:\\\/\\\/www.m4.nu\\\/en\\\/konferensresa-i-halsans-anda\\\/\",\"url\":\"https:\\\/\\\/www.m4.nu\\\/en\\\/konferensresa-i-halsans-anda\\\/\",\"name\":\"Konferensresa i h\u00e4lsans anda! - M4\",\"isPartOf\":{\"@id\":\"https:\\\/\\\/www.m4.nu\\\/en\\\/#website\"},\"primaryImageOfPage\":{\"@id\":\"https:\\\/\\\/www.m4.nu\\\/en\\\/konferensresa-i-halsans-anda\\\/#primaryimage\"},\"image\":{\"@id\":\"https:\\\/\\\/www.m4.nu\\\/en\\\/konferensresa-i-halsans-anda\\\/#primaryimage\"},\"thumbnailUrl\":\"https:\\\/\\\/www.m4.nu\\\/wp-content\\\/uploads\\\/2023\\\/11\\\/Wellnessresa.png\",\"datePublished\":\"2023-11-20T13:53:30+00:00\",\"dateModified\":\"2023-11-20T13:54:37+00:00\",\"breadcrumb\":{\"@id\":\"https:\\\/\\\/www.m4.nu\\\/en\\\/konferensresa-i-halsans-anda\\\/#breadcrumb\"},\"inLanguage\":\"en-US\",\"potentialAction\":[{\"@type\":\"ReadAction\",\"target\":[\"https:\\\/\\\/www.m4.nu\\\/en\\\/konferensresa-i-halsans-anda\\\/\"]}]},{\"@type\":\"ImageObject\",\"inLanguage\":\"en-US\",\"@id\":\"https:\\\/\\\/www.m4.nu\\\/en\\\/konferensresa-i-halsans-anda\\\/#primaryimage\",\"url\":\"https:\\\/\\\/www.m4.nu\\\/wp-content\\\/uploads\\\/2023\\\/11\\\/Wellnessresa.png\",\"contentUrl\":\"https:\\\/\\\/www.m4.nu\\\/wp-content\\\/uploads\\\/2023\\\/11\\\/Wellnessresa.png\",\"width\":4032,\"height\":3024},{\"@type\":\"BreadcrumbList\",\"@id\":\"https:\\\/\\\/www.m4.nu\\\/en\\\/konferensresa-i-halsans-anda\\\/#breadcrumb\",\"itemListElement\":[{\"@type\":\"ListItem\",\"position\":1,\"name\":\"Home\",\"item\":\"https:\\\/\\\/www.m4.nu\\\/en\\\/\"},{\"@type\":\"ListItem\",\"position\":2,\"name\":\"Konferensresa i h\u00e4lsans anda!\"}]},{\"@type\":\"WebSite\",\"@id\":\"https:\\\/\\\/www.m4.nu\\\/en\\\/#website\",\"url\":\"https:\\\/\\\/www.m4.nu\\\/en\\\/\",\"name\":\"M4\",\"description\":\"m4-framtidens konsultbolag\",\"publisher\":{\"@id\":\"https:\\\/\\\/www.m4.nu\\\/en\\\/#organization\"},\"potentialAction\":[{\"@type\":\"SearchAction\",\"target\":{\"@type\":\"EntryPoint\",\"urlTemplate\":\"https:\\\/\\\/www.m4.nu\\\/en\\\/?s={search_term_string}\"},\"query-input\":{\"@type\":\"PropertyValueSpecification\",\"valueRequired\":true,\"valueName\":\"search_term_string\"}}],\"inLanguage\":\"en-US\"},{\"@type\":\"Organization\",\"@id\":\"https:\\\/\\\/www.m4.nu\\\/en\\\/#organization\",\"name\":\"M4\",\"url\":\"https:\\\/\\\/www.m4.nu\\\/en\\\/\",\"logo\":{\"@type\":\"ImageObject\",\"inLanguage\":\"en-US\",\"@id\":\"https:\\\/\\\/www.m4.nu\\\/en\\\/#\\\/schema\\\/logo\\\/image\\\/\",\"url\":\"https:\\\/\\\/www.m4.nu\\\/wp-content\\\/uploads\\\/2019\\\/11\\\/cropped-m4_logotyp_CMYK.png\",\"contentUrl\":\"https:\\\/\\\/www.m4.nu\\\/wp-content\\\/uploads\\\/2019\\\/11\\\/cropped-m4_logotyp_CMYK.png\",\"width\":103,\"height\":100,\"caption\":\"M4\"},\"image\":{\"@id\":\"https:\\\/\\\/www.m4.nu\\\/en\\\/#\\\/schema\\\/logo\\\/image\\\/\"}},{\"@type\":\"Person\",\"@id\":\"https:\\\/\\\/www.m4.nu\\\/en\\\/#\\\/schema\\\/person\\\/4c1ac5f110ac47d8e9bf58e7fe13b13f\",\"name\":\"Amanda Rydin\",\"image\":{\"@type\":\"ImageObject\",\"inLanguage\":\"en-US\",\"@id\":\"https:\\\/\\\/secure.gravatar.com\\\/avatar\\\/90bda582e246949f672b307e8b4bfd081f5c6db75ef8b928ac3c403c55c10c98?s=96&d=mm&r=g\",\"url\":\"https:\\\/\\\/secure.gravatar.com\\\/avatar\\\/90bda582e246949f672b307e8b4bfd081f5c6db75ef8b928ac3c403c55c10c98?s=96&d=mm&r=g\",\"contentUrl\":\"https:\\\/\\\/secure.gravatar.com\\\/avatar\\\/90bda582e246949f672b307e8b4bfd081f5c6db75ef8b928ac3c403c55c10c98?s=96&d=mm&r=g\",\"caption\":\"Amanda Rydin\"},\"sameAs\":[\"http:\\\/\\\/m4.nu\"],\"url\":\"https:\\\/\\\/www.m4.nu\\\/en\\\/author\\\/amandarydin\\\/\"}]}<\/script>\n<!-- \/ Yoast SEO plugin. -->","yoast_head_json":{"title":"Konferensresa i h\u00e4lsans anda! - M4","robots":{"index":"index","follow":"follow","max-snippet":"max-snippet:-1","max-image-preview":"max-image-preview:large","max-video-preview":"max-video-preview:-1"},"canonical":"https:\/\/www.m4.nu\/en\/konferensresa-i-halsans-anda\/","og_locale":"en_US","og_type":"article","og_title":"Konferensresa i h\u00e4lsans anda! - M4","og_description":"Konferensresa i h\u00e4lsans anda! Vi \u00e4r nu hemkomna efter n\u00e5gra dagar d\u00e4r fokus har varit p\u00e5 h\u00e4lsa och v\u00e4lm\u00e5ende. En riktigt lyckad konferensresa, d\u00e4r v\u00e4dret verkligen var med oss. \u00a0Gymtr\u00e4ning, l\u00f6pning och surfing \u00e4r vissa av aktiviteterna vi hann att genomf\u00f6ra, ut\u00f6ver givande konversationer och dialoger. N\u00e4sta resa \u00e4r redan under planering!","og_url":"https:\/\/www.m4.nu\/en\/konferensresa-i-halsans-anda\/","og_site_name":"M4","article_published_time":"2023-11-20T13:53:30+00:00","article_modified_time":"2023-11-20T13:54:37+00:00","og_image":[{"width":1024,"height":768,"url":"https:\/\/www.m4.nu\/wp-content\/uploads\/2023\/11\/Wellnessresa-1024x768.png","type":"image\/png"}],"author":"Amanda Rydin","twitter_card":"summary_large_image","twitter_misc":{"Written by":"Amanda Rydin","Est. reading time":"1 minute"},"schema":{"@context":"https:\/\/schema.org","@graph":[{"@type":"Article","@id":"https:\/\/www.m4.nu\/en\/konferensresa-i-halsans-anda\/#article","isPartOf":{"@id":"https:\/\/www.m4.nu\/en\/konferensresa-i-halsans-anda\/"},"author":{"name":"Amanda Rydin","@id":"https:\/\/www.m4.nu\/en\/#\/schema\/person\/4c1ac5f110ac47d8e9bf58e7fe13b13f"},"headline":"Konferensresa i h\u00e4lsans anda!","datePublished":"2023-11-20T13:53:30+00:00","dateModified":"2023-11-20T13:54:37+00:00","mainEntityOfPage":{"@id":"https:\/\/www.m4.nu\/en\/konferensresa-i-halsans-anda\/"},"wordCount":70,"commentCount":0,"publisher":{"@id":"https:\/\/www.m4.nu\/en\/#organization"},"image":{"@id":"https:\/\/www.m4.nu\/en\/konferensresa-i-halsans-anda\/#primaryimage"},"thumbnailUrl":"https:\/\/www.m4.nu\/wp-content\/uploads\/2023\/11\/Wellnessresa.png","articleSection":["Nyheter"],"inLanguage":"en-US","potentialAction":[{"@type":"CommentAction","name":"Comment","target":["https:\/\/www.m4.nu\/en\/konferensresa-i-halsans-anda\/#respond"]}]},{"@type":"WebPage","@id":"https:\/\/www.m4.nu\/en\/konferensresa-i-halsans-anda\/","url":"https:\/\/www.m4.nu\/en\/konferensresa-i-halsans-anda\/","name":"Konferensresa i h\u00e4lsans anda! - M4","isPartOf":{"@id":"https:\/\/www.m4.nu\/en\/#website"},"primaryImageOfPage":{"@id":"https:\/\/www.m4.nu\/en\/konferensresa-i-halsans-anda\/#primaryimage"},"image":{"@id":"https:\/\/www.m4.nu\/en\/konferensresa-i-halsans-anda\/#primaryimage"},"thumbnailUrl":"https:\/\/www.m4.nu\/wp-content\/uploads\/2023\/11\/Wellnessresa.png","datePublished":"2023-11-20T13:53:30+00:00","dateModified":"2023-11-20T13:54:37+00:00","breadcrumb":{"@id":"https:\/\/www.m4.nu\/en\/konferensresa-i-halsans-anda\/#breadcrumb"},"inLanguage":"en-US","potentialAction":[{"@type":"ReadAction","target":["https:\/\/www.m4.nu\/en\/konferensresa-i-halsans-anda\/"]}]},{"@type":"ImageObject","inLanguage":"en-US","@id":"https:\/\/www.m4.nu\/en\/konferensresa-i-halsans-anda\/#primaryimage","url":"https:\/\/www.m4.nu\/wp-content\/uploads\/2023\/11\/Wellnessresa.png","contentUrl":"https:\/\/www.m4.nu\/wp-content\/uploads\/2023\/11\/Wellnessresa.png","width":4032,"height":3024},{"@type":"BreadcrumbList","@id":"https:\/\/www.m4.nu\/en\/konferensresa-i-halsans-anda\/#breadcrumb","itemListElement":[{"@type":"ListItem","position":1,"name":"Home","item":"https:\/\/www.m4.nu\/en\/"},{"@type":"ListItem","position":2,"name":"Konferensresa i h\u00e4lsans anda!"}]},{"@type":"WebSite","@id":"https:\/\/www.m4.nu\/en\/#website","url":"https:\/\/www.m4.nu\/en\/","name":"M4","description":"m4-framtidens konsultbolag","publisher":{"@id":"https:\/\/www.m4.nu\/en\/#organization"},"potentialAction":[{"@type":"SearchAction","target":{"@type":"EntryPoint","urlTemplate":"https:\/\/www.m4.nu\/en\/?s={search_term_string}"},"query-input":{"@type":"PropertyValueSpecification","valueRequired":true,"valueName":"search_term_string"}}],"inLanguage":"en-US"},{"@type":"Organization","@id":"https:\/\/www.m4.nu\/en\/#organization","name":"M4","url":"https:\/\/www.m4.nu\/en\/","logo":{"@type":"ImageObject","inLanguage":"en-US","@id":"https:\/\/www.m4.nu\/en\/#\/schema\/logo\/image\/","url":"https:\/\/www.m4.nu\/wp-content\/uploads\/2019\/11\/cropped-m4_logotyp_CMYK.png","contentUrl":"https:\/\/www.m4.nu\/wp-content\/uploads\/2019\/11\/cropped-m4_logotyp_CMYK.png","width":103,"height":100,"caption":"M4"},"image":{"@id":"https:\/\/www.m4.nu\/en\/#\/schema\/logo\/image\/"}},{"@type":"Person","@id":"https:\/\/www.m4.nu\/en\/#\/schema\/person\/4c1ac5f110ac47d8e9bf58e7fe13b13f","name":"Amanda Rydin","image":{"@type":"ImageObject","inLanguage":"en-US","@id":"https:\/\/secure.gravatar.com\/avatar\/90bda582e246949f672b307e8b4bfd081f5c6db75ef8b928ac3c403c55c10c98?s=96&d=mm&r=g","url":"https:\/\/secure.gravatar.com\/avatar\/90bda582e246949f672b307e8b4bfd081f5c6db75ef8b928ac3c403c55c10c98?s=96&d=mm&r=g","contentUrl":"https:\/\/secure.gravatar.com\/avatar\/90bda582e246949f672b307e8b4bfd081f5c6db75ef8b928ac3c403c55c10c98?s=96&d=mm&r=g","caption":"Amanda Rydin"},"sameAs":["http:\/\/m4.nu"],"url":"https:\/\/www.m4.nu\/en\/author\/amandarydin\/"}]}},"_links":{"self":[{"href":"https:\/\/www.m4.nu\/en\/wp-json\/wp\/v2\/posts\/2682","targetHints":{"allow":["GET"]}}],"collection":[{"href":"https:\/\/www.m4.nu\/en\/wp-json\/wp\/v2\/posts"}],"about":[{"href":"https:\/\/www.m4.nu\/en\/wp-json\/wp\/v2\/types\/post"}],"author":[{"embeddable":true,"href":"https:\/\/www.m4.nu\/en\/wp-json\/wp\/v2\/users\/4"}],"replies":[{"embeddable":true,"href":"https:\/\/www.m4.nu\/en\/wp-json\/wp\/v2\/comments?post=2682"}],"version-history":[{"count":2,"href":"https:\/\/www.m4.nu\/en\/wp-json\/wp\/v2\/posts\/2682\/revisions"}],"predecessor-version":[{"id":2686,"href":"https:\/\/www.m4.nu\/en\/wp-json\/wp\/v2\/posts\/2682\/revisions\/2686"}],"wp:featuredmedia":[{"embeddable":true,"href":"https:\/\/www.m4.nu\/en\/wp-json\/wp\/v2\/media\/2683"}],"wp:attachment":[{"href":"https:\/\/www.m4.nu\/en\/wp-json\/wp\/v2\/media?parent=2682"}],"wp:term":[{"taxonomy":"category","embeddable":true,"href":"https:\/\/www.m4.nu\/en\/wp-json\/wp\/v2\/categories?post=2682"},{"taxonomy":"post_tag","embeddable":true,"href":"https:\/\/www.m4.nu\/en\/wp-json\/wp\/v2\/tags?post=2682"}],"curies":[{"name":"wp","href":"https:\/\/api.w.org\/{rel}","templated":true}]}}