{"id":2752,"date":"2024-04-15T15:47:20","date_gmt":"2024-04-15T13:47:20","guid":{"rendered":"https:\/\/www.m4.nu\/?p=2752"},"modified":"2024-04-15T15:47:21","modified_gmt":"2024-04-15T13:47:21","slug":"var-i-luften","status":"publish","type":"post","link":"https:\/\/www.m4.nu\/en\/var-i-luften\/","title":{"rendered":"V\u00e5r i luften!"},"content":{"rendered":"\n<figure class=\"wp-block-image alignfull size-large\"><img loading=\"lazy\" decoding=\"async\" width=\"1024\" height=\"683\" src=\"https:\/\/www.m4.nu\/wp-content\/uploads\/2024\/04\/pexels-lukas-kloeppel-2416653-1024x683.jpg\" alt=\"\" class=\"wp-image-2753\" srcset=\"https:\/\/www.m4.nu\/wp-content\/uploads\/2024\/04\/pexels-lukas-kloeppel-2416653-1024x683.jpg 1024w, https:\/\/www.m4.nu\/wp-content\/uploads\/2024\/04\/pexels-lukas-kloeppel-2416653-300x200.jpg 300w, https:\/\/www.m4.nu\/wp-content\/uploads\/2024\/04\/pexels-lukas-kloeppel-2416653-768x512.jpg 768w, https:\/\/www.m4.nu\/wp-content\/uploads\/2024\/04\/pexels-lukas-kloeppel-2416653-1536x1024.jpg 1536w, https:\/\/www.m4.nu\/wp-content\/uploads\/2024\/04\/pexels-lukas-kloeppel-2416653-2048x1365.jpg 2048w, https:\/\/www.m4.nu\/wp-content\/uploads\/2024\/04\/pexels-lukas-kloeppel-2416653-1568x1045.jpg 1568w\" sizes=\"auto, (max-width: 1024px) 100vw, 1024px\" \/><\/figure>\n\n\n\n<p>\ud83c\udfd4\ufe0f\u2708\ufe0f V\u00e5ren \u00e4r i luften, och med den kommer v\u00e5ra kommande \u00e4ventyr! Efter att ha \u00e5kt skidor i mars \u00e4r vi nu redo f\u00f6r sp\u00e4nnande konferensresor. En grupp \u00e5ker till Berlin, medan en annan beger sig till Irland i v\u00e5r. Men det roliga slutar inte d\u00e4r \u2013 vi planerar redan f\u00f6r vandring i de franska alperna till h\u00f6sten, eller kanske en of\u00f6rgl\u00f6mlig upplevelse i Portugal?<\/p>\n\n\n\n<p>V\u00e5ra resor handlar inte bara om att se nya platser \u2013 de handlar om att st\u00e4rka band och f\u00f6rb\u00e4ttra samarbetet. Det \u00e4r under dessa resor som vi verkligen kopplar samman och samarbetar, vilket l\u00e4gger grunden f\u00f6r v\u00e5r fortsatta framg\u00e5ng som f\u00f6retag. Ser fram emot att skapa fler minnen och uppn\u00e5 fantastiska resultat tillsammans! \ud83c\udf0d\ud83c\udf1f<\/p>\n","protected":false},"excerpt":{"rendered":"<p>\ud83c\udfd4\ufe0f\u2708\ufe0f V\u00e5ren \u00e4r i luften, och med den kommer v\u00e5ra kommande \u00e4ventyr! Efter att ha \u00e5kt skidor i mars \u00e4r vi nu redo f\u00f6r sp\u00e4nnande konferensresor. En grupp \u00e5ker till Berlin, medan en annan beger sig till Irland i v\u00e5r. Men det roliga slutar inte d\u00e4r \u2013 vi planerar redan f\u00f6r vandring i de franska&#8230;<\/p>\n","protected":false},"author":4,"featured_media":2753,"comment_status":"open","ping_status":"open","sticky":false,"template":"","format":"standard","meta":{"_acf_changed":false,"footnotes":""},"categories":[3],"tags":[],"class_list":["post-2752","post","type-post","status-publish","format-standard","has-post-thumbnail","hentry","category-nyheter"],"acf":[],"yoast_head":"<!-- This site is optimized with the Yoast SEO plugin v27.5 - https:\/\/yoast.com\/product\/yoast-seo-wordpress\/ -->\n<title>V\u00e5r i luften! - M4<\/title>\n<meta name=\"robots\" content=\"index, follow, max-snippet:-1, max-image-preview:large, max-video-preview:-1\" \/>\n<link rel=\"canonical\" href=\"https:\/\/www.m4.nu\/en\/var-i-luften\/\" \/>\n<meta property=\"og:locale\" content=\"en_US\" \/>\n<meta property=\"og:type\" content=\"article\" \/>\n<meta property=\"og:title\" content=\"V\u00e5r i luften! - M4\" \/>\n<meta property=\"og:description\" content=\"\ud83c\udfd4\ufe0f\u2708\ufe0f V\u00e5ren \u00e4r i luften, och med den kommer v\u00e5ra kommande \u00e4ventyr! Efter att ha \u00e5kt skidor i mars \u00e4r vi nu redo f\u00f6r sp\u00e4nnande konferensresor. En grupp \u00e5ker till Berlin, medan en annan beger sig till Irland i v\u00e5r. Men det roliga slutar inte d\u00e4r \u2013 vi planerar redan f\u00f6r vandring i de franska...\" \/>\n<meta property=\"og:url\" content=\"https:\/\/www.m4.nu\/en\/var-i-luften\/\" \/>\n<meta property=\"og:site_name\" content=\"M4\" \/>\n<meta property=\"article:published_time\" content=\"2024-04-15T13:47:20+00:00\" \/>\n<meta property=\"article:modified_time\" content=\"2024-04-15T13:47:21+00:00\" \/>\n<meta property=\"og:image\" content=\"https:\/\/www.m4.nu\/wp-content\/uploads\/2024\/04\/pexels-lukas-kloeppel-2416653-scaled.jpg\" \/>\n\t<meta property=\"og:image:width\" content=\"2560\" \/>\n\t<meta property=\"og:image:height\" content=\"1707\" \/>\n\t<meta property=\"og:image:type\" content=\"image\/jpeg\" \/>\n<meta name=\"author\" content=\"Amanda Rydin\" \/>\n<meta name=\"twitter:card\" content=\"summary_large_image\" \/>\n<meta name=\"twitter:label1\" content=\"Written by\" \/>\n\t<meta name=\"twitter:data1\" content=\"Amanda Rydin\" \/>\n\t<meta name=\"twitter:label2\" content=\"Est. reading time\" \/>\n\t<meta name=\"twitter:data2\" content=\"1 minute\" \/>\n<script type=\"application\/ld+json\" class=\"yoast-schema-graph\">{\"@context\":\"https:\\\/\\\/schema.org\",\"@graph\":[{\"@type\":\"Article\",\"@id\":\"https:\\\/\\\/www.m4.nu\\\/en\\\/var-i-luften\\\/#article\",\"isPartOf\":{\"@id\":\"https:\\\/\\\/www.m4.nu\\\/en\\\/var-i-luften\\\/\"},\"author\":{\"name\":\"Amanda Rydin\",\"@id\":\"https:\\\/\\\/www.m4.nu\\\/en\\\/#\\\/schema\\\/person\\\/4c1ac5f110ac47d8e9bf58e7fe13b13f\"},\"headline\":\"V\u00e5r i luften!\",\"datePublished\":\"2024-04-15T13:47:20+00:00\",\"dateModified\":\"2024-04-15T13:47:21+00:00\",\"mainEntityOfPage\":{\"@id\":\"https:\\\/\\\/www.m4.nu\\\/en\\\/var-i-luften\\\/\"},\"wordCount\":138,\"commentCount\":0,\"publisher\":{\"@id\":\"https:\\\/\\\/www.m4.nu\\\/en\\\/#organization\"},\"image\":{\"@id\":\"https:\\\/\\\/www.m4.nu\\\/en\\\/var-i-luften\\\/#primaryimage\"},\"thumbnailUrl\":\"https:\\\/\\\/www.m4.nu\\\/wp-content\\\/uploads\\\/2024\\\/04\\\/pexels-lukas-kloeppel-2416653-scaled.jpg\",\"articleSection\":[\"Nyheter\"],\"inLanguage\":\"en-US\",\"potentialAction\":[{\"@type\":\"CommentAction\",\"name\":\"Comment\",\"target\":[\"https:\\\/\\\/www.m4.nu\\\/en\\\/var-i-luften\\\/#respond\"]}]},{\"@type\":\"WebPage\",\"@id\":\"https:\\\/\\\/www.m4.nu\\\/en\\\/var-i-luften\\\/\",\"url\":\"https:\\\/\\\/www.m4.nu\\\/en\\\/var-i-luften\\\/\",\"name\":\"V\u00e5r i luften! - M4\",\"isPartOf\":{\"@id\":\"https:\\\/\\\/www.m4.nu\\\/en\\\/#website\"},\"primaryImageOfPage\":{\"@id\":\"https:\\\/\\\/www.m4.nu\\\/en\\\/var-i-luften\\\/#primaryimage\"},\"image\":{\"@id\":\"https:\\\/\\\/www.m4.nu\\\/en\\\/var-i-luften\\\/#primaryimage\"},\"thumbnailUrl\":\"https:\\\/\\\/www.m4.nu\\\/wp-content\\\/uploads\\\/2024\\\/04\\\/pexels-lukas-kloeppel-2416653-scaled.jpg\",\"datePublished\":\"2024-04-15T13:47:20+00:00\",\"dateModified\":\"2024-04-15T13:47:21+00:00\",\"breadcrumb\":{\"@id\":\"https:\\\/\\\/www.m4.nu\\\/en\\\/var-i-luften\\\/#breadcrumb\"},\"inLanguage\":\"en-US\",\"potentialAction\":[{\"@type\":\"ReadAction\",\"target\":[\"https:\\\/\\\/www.m4.nu\\\/en\\\/var-i-luften\\\/\"]}]},{\"@type\":\"ImageObject\",\"inLanguage\":\"en-US\",\"@id\":\"https:\\\/\\\/www.m4.nu\\\/en\\\/var-i-luften\\\/#primaryimage\",\"url\":\"https:\\\/\\\/www.m4.nu\\\/wp-content\\\/uploads\\\/2024\\\/04\\\/pexels-lukas-kloeppel-2416653-scaled.jpg\",\"contentUrl\":\"https:\\\/\\\/www.m4.nu\\\/wp-content\\\/uploads\\\/2024\\\/04\\\/pexels-lukas-kloeppel-2416653-scaled.jpg\",\"width\":2560,\"height\":1707},{\"@type\":\"BreadcrumbList\",\"@id\":\"https:\\\/\\\/www.m4.nu\\\/en\\\/var-i-luften\\\/#breadcrumb\",\"itemListElement\":[{\"@type\":\"ListItem\",\"position\":1,\"name\":\"Home\",\"item\":\"https:\\\/\\\/www.m4.nu\\\/en\\\/\"},{\"@type\":\"ListItem\",\"position\":2,\"name\":\"V\u00e5r i luften!\"}]},{\"@type\":\"WebSite\",\"@id\":\"https:\\\/\\\/www.m4.nu\\\/en\\\/#website\",\"url\":\"https:\\\/\\\/www.m4.nu\\\/en\\\/\",\"name\":\"M4\",\"description\":\"m4-framtidens konsultbolag\",\"publisher\":{\"@id\":\"https:\\\/\\\/www.m4.nu\\\/en\\\/#organization\"},\"potentialAction\":[{\"@type\":\"SearchAction\",\"target\":{\"@type\":\"EntryPoint\",\"urlTemplate\":\"https:\\\/\\\/www.m4.nu\\\/en\\\/?s={search_term_string}\"},\"query-input\":{\"@type\":\"PropertyValueSpecification\",\"valueRequired\":true,\"valueName\":\"search_term_string\"}}],\"inLanguage\":\"en-US\"},{\"@type\":\"Organization\",\"@id\":\"https:\\\/\\\/www.m4.nu\\\/en\\\/#organization\",\"name\":\"M4\",\"url\":\"https:\\\/\\\/www.m4.nu\\\/en\\\/\",\"logo\":{\"@type\":\"ImageObject\",\"inLanguage\":\"en-US\",\"@id\":\"https:\\\/\\\/www.m4.nu\\\/en\\\/#\\\/schema\\\/logo\\\/image\\\/\",\"url\":\"https:\\\/\\\/www.m4.nu\\\/wp-content\\\/uploads\\\/2019\\\/11\\\/cropped-m4_logotyp_CMYK.png\",\"contentUrl\":\"https:\\\/\\\/www.m4.nu\\\/wp-content\\\/uploads\\\/2019\\\/11\\\/cropped-m4_logotyp_CMYK.png\",\"width\":103,\"height\":100,\"caption\":\"M4\"},\"image\":{\"@id\":\"https:\\\/\\\/www.m4.nu\\\/en\\\/#\\\/schema\\\/logo\\\/image\\\/\"}},{\"@type\":\"Person\",\"@id\":\"https:\\\/\\\/www.m4.nu\\\/en\\\/#\\\/schema\\\/person\\\/4c1ac5f110ac47d8e9bf58e7fe13b13f\",\"name\":\"Amanda Rydin\",\"image\":{\"@type\":\"ImageObject\",\"inLanguage\":\"en-US\",\"@id\":\"https:\\\/\\\/secure.gravatar.com\\\/avatar\\\/90bda582e246949f672b307e8b4bfd081f5c6db75ef8b928ac3c403c55c10c98?s=96&d=mm&r=g\",\"url\":\"https:\\\/\\\/secure.gravatar.com\\\/avatar\\\/90bda582e246949f672b307e8b4bfd081f5c6db75ef8b928ac3c403c55c10c98?s=96&d=mm&r=g\",\"contentUrl\":\"https:\\\/\\\/secure.gravatar.com\\\/avatar\\\/90bda582e246949f672b307e8b4bfd081f5c6db75ef8b928ac3c403c55c10c98?s=96&d=mm&r=g\",\"caption\":\"Amanda Rydin\"},\"sameAs\":[\"http:\\\/\\\/m4.nu\"],\"url\":\"https:\\\/\\\/www.m4.nu\\\/en\\\/author\\\/amandarydin\\\/\"}]}<\/script>\n<!-- \/ Yoast SEO plugin. -->","yoast_head_json":{"title":"V\u00e5r i luften! - M4","robots":{"index":"index","follow":"follow","max-snippet":"max-snippet:-1","max-image-preview":"max-image-preview:large","max-video-preview":"max-video-preview:-1"},"canonical":"https:\/\/www.m4.nu\/en\/var-i-luften\/","og_locale":"en_US","og_type":"article","og_title":"V\u00e5r i luften! - M4","og_description":"\ud83c\udfd4\ufe0f\u2708\ufe0f V\u00e5ren \u00e4r i luften, och med den kommer v\u00e5ra kommande \u00e4ventyr! Efter att ha \u00e5kt skidor i mars \u00e4r vi nu redo f\u00f6r sp\u00e4nnande konferensresor. En grupp \u00e5ker till Berlin, medan en annan beger sig till Irland i v\u00e5r. Men det roliga slutar inte d\u00e4r \u2013 vi planerar redan f\u00f6r vandring i de franska...","og_url":"https:\/\/www.m4.nu\/en\/var-i-luften\/","og_site_name":"M4","article_published_time":"2024-04-15T13:47:20+00:00","article_modified_time":"2024-04-15T13:47:21+00:00","og_image":[{"width":2560,"height":1707,"url":"https:\/\/www.m4.nu\/wp-content\/uploads\/2024\/04\/pexels-lukas-kloeppel-2416653-scaled.jpg","type":"image\/jpeg"}],"author":"Amanda Rydin","twitter_card":"summary_large_image","twitter_misc":{"Written by":"Amanda Rydin","Est. reading time":"1 minute"},"schema":{"@context":"https:\/\/schema.org","@graph":[{"@type":"Article","@id":"https:\/\/www.m4.nu\/en\/var-i-luften\/#article","isPartOf":{"@id":"https:\/\/www.m4.nu\/en\/var-i-luften\/"},"author":{"name":"Amanda Rydin","@id":"https:\/\/www.m4.nu\/en\/#\/schema\/person\/4c1ac5f110ac47d8e9bf58e7fe13b13f"},"headline":"V\u00e5r i luften!","datePublished":"2024-04-15T13:47:20+00:00","dateModified":"2024-04-15T13:47:21+00:00","mainEntityOfPage":{"@id":"https:\/\/www.m4.nu\/en\/var-i-luften\/"},"wordCount":138,"commentCount":0,"publisher":{"@id":"https:\/\/www.m4.nu\/en\/#organization"},"image":{"@id":"https:\/\/www.m4.nu\/en\/var-i-luften\/#primaryimage"},"thumbnailUrl":"https:\/\/www.m4.nu\/wp-content\/uploads\/2024\/04\/pexels-lukas-kloeppel-2416653-scaled.jpg","articleSection":["Nyheter"],"inLanguage":"en-US","potentialAction":[{"@type":"CommentAction","name":"Comment","target":["https:\/\/www.m4.nu\/en\/var-i-luften\/#respond"]}]},{"@type":"WebPage","@id":"https:\/\/www.m4.nu\/en\/var-i-luften\/","url":"https:\/\/www.m4.nu\/en\/var-i-luften\/","name":"V\u00e5r i luften! - M4","isPartOf":{"@id":"https:\/\/www.m4.nu\/en\/#website"},"primaryImageOfPage":{"@id":"https:\/\/www.m4.nu\/en\/var-i-luften\/#primaryimage"},"image":{"@id":"https:\/\/www.m4.nu\/en\/var-i-luften\/#primaryimage"},"thumbnailUrl":"https:\/\/www.m4.nu\/wp-content\/uploads\/2024\/04\/pexels-lukas-kloeppel-2416653-scaled.jpg","datePublished":"2024-04-15T13:47:20+00:00","dateModified":"2024-04-15T13:47:21+00:00","breadcrumb":{"@id":"https:\/\/www.m4.nu\/en\/var-i-luften\/#breadcrumb"},"inLanguage":"en-US","potentialAction":[{"@type":"ReadAction","target":["https:\/\/www.m4.nu\/en\/var-i-luften\/"]}]},{"@type":"ImageObject","inLanguage":"en-US","@id":"https:\/\/www.m4.nu\/en\/var-i-luften\/#primaryimage","url":"https:\/\/www.m4.nu\/wp-content\/uploads\/2024\/04\/pexels-lukas-kloeppel-2416653-scaled.jpg","contentUrl":"https:\/\/www.m4.nu\/wp-content\/uploads\/2024\/04\/pexels-lukas-kloeppel-2416653-scaled.jpg","width":2560,"height":1707},{"@type":"BreadcrumbList","@id":"https:\/\/www.m4.nu\/en\/var-i-luften\/#breadcrumb","itemListElement":[{"@type":"ListItem","position":1,"name":"Home","item":"https:\/\/www.m4.nu\/en\/"},{"@type":"ListItem","position":2,"name":"V\u00e5r i luften!"}]},{"@type":"WebSite","@id":"https:\/\/www.m4.nu\/en\/#website","url":"https:\/\/www.m4.nu\/en\/","name":"M4","description":"m4-framtidens konsultbolag","publisher":{"@id":"https:\/\/www.m4.nu\/en\/#organization"},"potentialAction":[{"@type":"SearchAction","target":{"@type":"EntryPoint","urlTemplate":"https:\/\/www.m4.nu\/en\/?s={search_term_string}"},"query-input":{"@type":"PropertyValueSpecification","valueRequired":true,"valueName":"search_term_string"}}],"inLanguage":"en-US"},{"@type":"Organization","@id":"https:\/\/www.m4.nu\/en\/#organization","name":"M4","url":"https:\/\/www.m4.nu\/en\/","logo":{"@type":"ImageObject","inLanguage":"en-US","@id":"https:\/\/www.m4.nu\/en\/#\/schema\/logo\/image\/","url":"https:\/\/www.m4.nu\/wp-content\/uploads\/2019\/11\/cropped-m4_logotyp_CMYK.png","contentUrl":"https:\/\/www.m4.nu\/wp-content\/uploads\/2019\/11\/cropped-m4_logotyp_CMYK.png","width":103,"height":100,"caption":"M4"},"image":{"@id":"https:\/\/www.m4.nu\/en\/#\/schema\/logo\/image\/"}},{"@type":"Person","@id":"https:\/\/www.m4.nu\/en\/#\/schema\/person\/4c1ac5f110ac47d8e9bf58e7fe13b13f","name":"Amanda Rydin","image":{"@type":"ImageObject","inLanguage":"en-US","@id":"https:\/\/secure.gravatar.com\/avatar\/90bda582e246949f672b307e8b4bfd081f5c6db75ef8b928ac3c403c55c10c98?s=96&d=mm&r=g","url":"https:\/\/secure.gravatar.com\/avatar\/90bda582e246949f672b307e8b4bfd081f5c6db75ef8b928ac3c403c55c10c98?s=96&d=mm&r=g","contentUrl":"https:\/\/secure.gravatar.com\/avatar\/90bda582e246949f672b307e8b4bfd081f5c6db75ef8b928ac3c403c55c10c98?s=96&d=mm&r=g","caption":"Amanda Rydin"},"sameAs":["http:\/\/m4.nu"],"url":"https:\/\/www.m4.nu\/en\/author\/amandarydin\/"}]}},"_links":{"self":[{"href":"https:\/\/www.m4.nu\/en\/wp-json\/wp\/v2\/posts\/2752","targetHints":{"allow":["GET"]}}],"collection":[{"href":"https:\/\/www.m4.nu\/en\/wp-json\/wp\/v2\/posts"}],"about":[{"href":"https:\/\/www.m4.nu\/en\/wp-json\/wp\/v2\/types\/post"}],"author":[{"embeddable":true,"href":"https:\/\/www.m4.nu\/en\/wp-json\/wp\/v2\/users\/4"}],"replies":[{"embeddable":true,"href":"https:\/\/www.m4.nu\/en\/wp-json\/wp\/v2\/comments?post=2752"}],"version-history":[{"count":1,"href":"https:\/\/www.m4.nu\/en\/wp-json\/wp\/v2\/posts\/2752\/revisions"}],"predecessor-version":[{"id":2755,"href":"https:\/\/www.m4.nu\/en\/wp-json\/wp\/v2\/posts\/2752\/revisions\/2755"}],"wp:featuredmedia":[{"embeddable":true,"href":"https:\/\/www.m4.nu\/en\/wp-json\/wp\/v2\/media\/2753"}],"wp:attachment":[{"href":"https:\/\/www.m4.nu\/en\/wp-json\/wp\/v2\/media?parent=2752"}],"wp:term":[{"taxonomy":"category","embeddable":true,"href":"https:\/\/www.m4.nu\/en\/wp-json\/wp\/v2\/categories?post=2752"},{"taxonomy":"post_tag","embeddable":true,"href":"https:\/\/www.m4.nu\/en\/wp-json\/wp\/v2\/tags?post=2752"}],"curies":[{"name":"wp","href":"https:\/\/api.w.org\/{rel}","templated":true}]}}