{"id":2784,"date":"2024-11-01T13:13:09","date_gmt":"2024-11-01T12:13:09","guid":{"rendered":"https:\/\/www.m4.nu\/?p=2784"},"modified":"2024-11-01T13:13:13","modified_gmt":"2024-11-01T12:13:13","slug":"%f0%9f%8c%8d-det-ar-movember-lat-oss-gora-skillnad-tillsammans-%f0%9f%8c%8d","status":"publish","type":"post","link":"https:\/\/www.m4.nu\/en\/%f0%9f%8c%8d-det-ar-movember-lat-oss-gora-skillnad-tillsammans-%f0%9f%8c%8d\/","title":{"rendered":"\ud83c\udf0d Det \u00e4r Movember \u2013 l\u00e5t oss g\u00f6ra skillnad tillsammans! \ud83c\udf0d"},"content":{"rendered":"\n<figure class=\"wp-block-image alignfull size-full\"><img loading=\"lazy\" decoding=\"async\" width=\"2560\" height=\"1707\" src=\"https:\/\/www.m4.nu\/wp-content\/uploads\/2024\/11\/pexels-olly-3777952-scaled.jpg\" alt=\"\" class=\"wp-image-2785\" srcset=\"https:\/\/www.m4.nu\/wp-content\/uploads\/2024\/11\/pexels-olly-3777952-scaled.jpg 2560w, https:\/\/www.m4.nu\/wp-content\/uploads\/2024\/11\/pexels-olly-3777952-300x200.jpg 300w, https:\/\/www.m4.nu\/wp-content\/uploads\/2024\/11\/pexels-olly-3777952-1024x683.jpg 1024w, https:\/\/www.m4.nu\/wp-content\/uploads\/2024\/11\/pexels-olly-3777952-768x512.jpg 768w, https:\/\/www.m4.nu\/wp-content\/uploads\/2024\/11\/pexels-olly-3777952-1536x1024.jpg 1536w, https:\/\/www.m4.nu\/wp-content\/uploads\/2024\/11\/pexels-olly-3777952-2048x1365.jpg 2048w, https:\/\/www.m4.nu\/wp-content\/uploads\/2024\/11\/pexels-olly-3777952-1568x1045.jpg 1568w\" sizes=\"auto, (max-width: 2560px) 100vw, 2560px\" \/><\/figure>\n\n\n\n<p><\/p>\n\n\n\n<p>\ud83c\udf0d <strong>Det \u00e4r Movember \u2013 l\u00e5t oss g\u00f6ra skillnad tillsammans!<\/strong> \ud83c\udf0d<\/p>\n\n\n\n<p>Vi har nu g\u00e5tt ur rosa oktober med en fin insamling till Rosa Bandet, och inlett m\u00e5naden som kommer visa upp massor av fina mustascher, mycket r\u00f6relse och \u00e4nnu en fin insamling till Movember. S\u00e5 den h\u00e4r m\u00e5naden v\u00e4xer vi inte bara mustascher \u2013 vi st\u00e5r tillsammans f\u00f6r m\u00e4ns h\u00e4lsa! \ud83d\udc99 <\/p>\n\n\n\n<p>Movember \u00e4r en global r\u00f6relse som \u00f6kar medvetenheten och samlar in pengar f\u00f6r att bek\u00e4mpa psykisk oh\u00e4lsa, f\u00f6rebygga sj\u00e4lvmord och st\u00f6tta forskning kring prostatacancer och testikelcancer.<\/p>\n\n\n\n<p>Som ett IT- och teknikkonsultbolag st\u00f6ttar vi inte bara innovation inom teknik, utan ocks\u00e5 inom h\u00e4lsa och v\u00e4lm\u00e5ende. Tillsammans kan vi bidra till en framtid d\u00e4r fler m\u00e4n lever l\u00e4ngre och m\u00e5r b\u00e4ttre.<\/p>\n\n\n\n<p>Oavsett om du \u00e4r kollega, kund eller v\u00e4n \u2013 h\u00e4ng med oss! Dela dina mustaschframsteg, sk\u00e4nk ett bidrag, eller sprid ordet. Tillsammans g\u00f6r vi Movember meningsfullt, en mustasch i taget!<\/p>\n\n\n\n<p><a href=\"https:\/\/se.movember.com\/team\/2408824\">https:\/\/se.movember.com\/team\/2408824<\/a><\/p>\n\n\n\n<p><\/p>\n","protected":false},"excerpt":{"rendered":"<p>\ud83c\udf0d Det \u00e4r Movember \u2013 l\u00e5t oss g\u00f6ra skillnad tillsammans! \ud83c\udf0d Vi har nu g\u00e5tt ur rosa oktober med en fin insamling till Rosa Bandet, och inlett m\u00e5naden som kommer visa upp massor av fina mustascher, mycket r\u00f6relse och \u00e4nnu en fin insamling till Movember. S\u00e5 den h\u00e4r m\u00e5naden v\u00e4xer vi inte bara mustascher \u2013&#8230;<\/p>\n","protected":false},"author":4,"featured_media":2785,"comment_status":"open","ping_status":"open","sticky":false,"template":"","format":"standard","meta":{"_acf_changed":false,"footnotes":""},"categories":[3],"tags":[],"class_list":["post-2784","post","type-post","status-publish","format-standard","has-post-thumbnail","hentry","category-nyheter"],"acf":[],"yoast_head":"<!-- This site is optimized with the Yoast SEO plugin v27.4 - https:\/\/yoast.com\/product\/yoast-seo-wordpress\/ -->\n<title>\ud83c\udf0d Det \u00e4r Movember \u2013 l\u00e5t oss g\u00f6ra skillnad tillsammans! \ud83c\udf0d - M4<\/title>\n<meta name=\"robots\" content=\"index, follow, max-snippet:-1, max-image-preview:large, max-video-preview:-1\" \/>\n<link rel=\"canonical\" href=\"https:\/\/www.m4.nu\/en\/%f0%9f%8c%8d-det-ar-movember-lat-oss-gora-skillnad-tillsammans-%f0%9f%8c%8d\/\" \/>\n<meta property=\"og:locale\" content=\"en_US\" \/>\n<meta property=\"og:type\" content=\"article\" \/>\n<meta property=\"og:title\" content=\"\ud83c\udf0d Det \u00e4r Movember \u2013 l\u00e5t oss g\u00f6ra skillnad tillsammans! \ud83c\udf0d - M4\" \/>\n<meta property=\"og:description\" content=\"\ud83c\udf0d Det \u00e4r Movember \u2013 l\u00e5t oss g\u00f6ra skillnad tillsammans! \ud83c\udf0d Vi har nu g\u00e5tt ur rosa oktober med en fin insamling till Rosa Bandet, och inlett m\u00e5naden som kommer visa upp massor av fina mustascher, mycket r\u00f6relse och \u00e4nnu en fin insamling till Movember. S\u00e5 den h\u00e4r m\u00e5naden v\u00e4xer vi inte bara mustascher \u2013...\" \/>\n<meta property=\"og:url\" content=\"https:\/\/www.m4.nu\/en\/%f0%9f%8c%8d-det-ar-movember-lat-oss-gora-skillnad-tillsammans-%f0%9f%8c%8d\/\" \/>\n<meta property=\"og:site_name\" content=\"M4\" \/>\n<meta property=\"article:published_time\" content=\"2024-11-01T12:13:09+00:00\" \/>\n<meta property=\"article:modified_time\" content=\"2024-11-01T12:13:13+00:00\" \/>\n<meta property=\"og:image\" content=\"https:\/\/www.m4.nu\/wp-content\/uploads\/2024\/11\/pexels-olly-3777952-scaled.jpg\" \/>\n\t<meta property=\"og:image:width\" content=\"2560\" \/>\n\t<meta property=\"og:image:height\" content=\"1707\" \/>\n\t<meta property=\"og:image:type\" content=\"image\/jpeg\" \/>\n<meta name=\"author\" content=\"Amanda Rydin\" \/>\n<meta name=\"twitter:card\" content=\"summary_large_image\" \/>\n<meta name=\"twitter:label1\" content=\"Written by\" \/>\n\t<meta name=\"twitter:data1\" content=\"Amanda Rydin\" \/>\n\t<meta name=\"twitter:label2\" content=\"Est. reading time\" \/>\n\t<meta name=\"twitter:data2\" content=\"2 minutes\" \/>\n<script type=\"application\/ld+json\" class=\"yoast-schema-graph\">{\"@context\":\"https:\\\/\\\/schema.org\",\"@graph\":[{\"@type\":\"Article\",\"@id\":\"https:\\\/\\\/www.m4.nu\\\/en\\\/%f0%9f%8c%8d-det-ar-movember-lat-oss-gora-skillnad-tillsammans-%f0%9f%8c%8d\\\/#article\",\"isPartOf\":{\"@id\":\"https:\\\/\\\/www.m4.nu\\\/en\\\/%f0%9f%8c%8d-det-ar-movember-lat-oss-gora-skillnad-tillsammans-%f0%9f%8c%8d\\\/\"},\"author\":{\"name\":\"Amanda Rydin\",\"@id\":\"https:\\\/\\\/www.m4.nu\\\/en\\\/#\\\/schema\\\/person\\\/4c1ac5f110ac47d8e9bf58e7fe13b13f\"},\"headline\":\"\ud83c\udf0d Det \u00e4r Movember \u2013 l\u00e5t oss g\u00f6ra skillnad tillsammans! \ud83c\udf0d\",\"datePublished\":\"2024-11-01T12:13:09+00:00\",\"dateModified\":\"2024-11-01T12:13:13+00:00\",\"mainEntityOfPage\":{\"@id\":\"https:\\\/\\\/www.m4.nu\\\/en\\\/%f0%9f%8c%8d-det-ar-movember-lat-oss-gora-skillnad-tillsammans-%f0%9f%8c%8d\\\/\"},\"wordCount\":192,\"commentCount\":0,\"publisher\":{\"@id\":\"https:\\\/\\\/www.m4.nu\\\/en\\\/#organization\"},\"image\":{\"@id\":\"https:\\\/\\\/www.m4.nu\\\/en\\\/%f0%9f%8c%8d-det-ar-movember-lat-oss-gora-skillnad-tillsammans-%f0%9f%8c%8d\\\/#primaryimage\"},\"thumbnailUrl\":\"https:\\\/\\\/www.m4.nu\\\/wp-content\\\/uploads\\\/2024\\\/11\\\/pexels-olly-3777952-scaled.jpg\",\"articleSection\":[\"Nyheter\"],\"inLanguage\":\"en-US\",\"potentialAction\":[{\"@type\":\"CommentAction\",\"name\":\"Comment\",\"target\":[\"https:\\\/\\\/www.m4.nu\\\/en\\\/%f0%9f%8c%8d-det-ar-movember-lat-oss-gora-skillnad-tillsammans-%f0%9f%8c%8d\\\/#respond\"]}]},{\"@type\":\"WebPage\",\"@id\":\"https:\\\/\\\/www.m4.nu\\\/en\\\/%f0%9f%8c%8d-det-ar-movember-lat-oss-gora-skillnad-tillsammans-%f0%9f%8c%8d\\\/\",\"url\":\"https:\\\/\\\/www.m4.nu\\\/en\\\/%f0%9f%8c%8d-det-ar-movember-lat-oss-gora-skillnad-tillsammans-%f0%9f%8c%8d\\\/\",\"name\":\"\ud83c\udf0d Det \u00e4r Movember \u2013 l\u00e5t oss g\u00f6ra skillnad tillsammans! \ud83c\udf0d - M4\",\"isPartOf\":{\"@id\":\"https:\\\/\\\/www.m4.nu\\\/en\\\/#website\"},\"primaryImageOfPage\":{\"@id\":\"https:\\\/\\\/www.m4.nu\\\/en\\\/%f0%9f%8c%8d-det-ar-movember-lat-oss-gora-skillnad-tillsammans-%f0%9f%8c%8d\\\/#primaryimage\"},\"image\":{\"@id\":\"https:\\\/\\\/www.m4.nu\\\/en\\\/%f0%9f%8c%8d-det-ar-movember-lat-oss-gora-skillnad-tillsammans-%f0%9f%8c%8d\\\/#primaryimage\"},\"thumbnailUrl\":\"https:\\\/\\\/www.m4.nu\\\/wp-content\\\/uploads\\\/2024\\\/11\\\/pexels-olly-3777952-scaled.jpg\",\"datePublished\":\"2024-11-01T12:13:09+00:00\",\"dateModified\":\"2024-11-01T12:13:13+00:00\",\"breadcrumb\":{\"@id\":\"https:\\\/\\\/www.m4.nu\\\/en\\\/%f0%9f%8c%8d-det-ar-movember-lat-oss-gora-skillnad-tillsammans-%f0%9f%8c%8d\\\/#breadcrumb\"},\"inLanguage\":\"en-US\",\"potentialAction\":[{\"@type\":\"ReadAction\",\"target\":[\"https:\\\/\\\/www.m4.nu\\\/en\\\/%f0%9f%8c%8d-det-ar-movember-lat-oss-gora-skillnad-tillsammans-%f0%9f%8c%8d\\\/\"]}]},{\"@type\":\"ImageObject\",\"inLanguage\":\"en-US\",\"@id\":\"https:\\\/\\\/www.m4.nu\\\/en\\\/%f0%9f%8c%8d-det-ar-movember-lat-oss-gora-skillnad-tillsammans-%f0%9f%8c%8d\\\/#primaryimage\",\"url\":\"https:\\\/\\\/www.m4.nu\\\/wp-content\\\/uploads\\\/2024\\\/11\\\/pexels-olly-3777952-scaled.jpg\",\"contentUrl\":\"https:\\\/\\\/www.m4.nu\\\/wp-content\\\/uploads\\\/2024\\\/11\\\/pexels-olly-3777952-scaled.jpg\",\"width\":2560,\"height\":1707},{\"@type\":\"BreadcrumbList\",\"@id\":\"https:\\\/\\\/www.m4.nu\\\/en\\\/%f0%9f%8c%8d-det-ar-movember-lat-oss-gora-skillnad-tillsammans-%f0%9f%8c%8d\\\/#breadcrumb\",\"itemListElement\":[{\"@type\":\"ListItem\",\"position\":1,\"name\":\"Home\",\"item\":\"https:\\\/\\\/www.m4.nu\\\/en\\\/\"},{\"@type\":\"ListItem\",\"position\":2,\"name\":\"\ud83c\udf0d Det \u00e4r Movember \u2013 l\u00e5t oss g\u00f6ra skillnad tillsammans! \ud83c\udf0d\"}]},{\"@type\":\"WebSite\",\"@id\":\"https:\\\/\\\/www.m4.nu\\\/en\\\/#website\",\"url\":\"https:\\\/\\\/www.m4.nu\\\/en\\\/\",\"name\":\"M4\",\"description\":\"m4-framtidens konsultbolag\",\"publisher\":{\"@id\":\"https:\\\/\\\/www.m4.nu\\\/en\\\/#organization\"},\"potentialAction\":[{\"@type\":\"SearchAction\",\"target\":{\"@type\":\"EntryPoint\",\"urlTemplate\":\"https:\\\/\\\/www.m4.nu\\\/en\\\/?s={search_term_string}\"},\"query-input\":{\"@type\":\"PropertyValueSpecification\",\"valueRequired\":true,\"valueName\":\"search_term_string\"}}],\"inLanguage\":\"en-US\"},{\"@type\":\"Organization\",\"@id\":\"https:\\\/\\\/www.m4.nu\\\/en\\\/#organization\",\"name\":\"M4\",\"url\":\"https:\\\/\\\/www.m4.nu\\\/en\\\/\",\"logo\":{\"@type\":\"ImageObject\",\"inLanguage\":\"en-US\",\"@id\":\"https:\\\/\\\/www.m4.nu\\\/en\\\/#\\\/schema\\\/logo\\\/image\\\/\",\"url\":\"https:\\\/\\\/www.m4.nu\\\/wp-content\\\/uploads\\\/2019\\\/11\\\/cropped-m4_logotyp_CMYK.png\",\"contentUrl\":\"https:\\\/\\\/www.m4.nu\\\/wp-content\\\/uploads\\\/2019\\\/11\\\/cropped-m4_logotyp_CMYK.png\",\"width\":103,\"height\":100,\"caption\":\"M4\"},\"image\":{\"@id\":\"https:\\\/\\\/www.m4.nu\\\/en\\\/#\\\/schema\\\/logo\\\/image\\\/\"}},{\"@type\":\"Person\",\"@id\":\"https:\\\/\\\/www.m4.nu\\\/en\\\/#\\\/schema\\\/person\\\/4c1ac5f110ac47d8e9bf58e7fe13b13f\",\"name\":\"Amanda Rydin\",\"image\":{\"@type\":\"ImageObject\",\"inLanguage\":\"en-US\",\"@id\":\"https:\\\/\\\/secure.gravatar.com\\\/avatar\\\/90bda582e246949f672b307e8b4bfd081f5c6db75ef8b928ac3c403c55c10c98?s=96&d=mm&r=g\",\"url\":\"https:\\\/\\\/secure.gravatar.com\\\/avatar\\\/90bda582e246949f672b307e8b4bfd081f5c6db75ef8b928ac3c403c55c10c98?s=96&d=mm&r=g\",\"contentUrl\":\"https:\\\/\\\/secure.gravatar.com\\\/avatar\\\/90bda582e246949f672b307e8b4bfd081f5c6db75ef8b928ac3c403c55c10c98?s=96&d=mm&r=g\",\"caption\":\"Amanda Rydin\"},\"sameAs\":[\"http:\\\/\\\/m4.nu\"],\"url\":\"https:\\\/\\\/www.m4.nu\\\/en\\\/author\\\/amandarydin\\\/\"}]}<\/script>\n<!-- \/ Yoast SEO plugin. -->","yoast_head_json":{"title":"\ud83c\udf0d Det \u00e4r Movember \u2013 l\u00e5t oss g\u00f6ra skillnad tillsammans! \ud83c\udf0d - M4","robots":{"index":"index","follow":"follow","max-snippet":"max-snippet:-1","max-image-preview":"max-image-preview:large","max-video-preview":"max-video-preview:-1"},"canonical":"https:\/\/www.m4.nu\/en\/%f0%9f%8c%8d-det-ar-movember-lat-oss-gora-skillnad-tillsammans-%f0%9f%8c%8d\/","og_locale":"en_US","og_type":"article","og_title":"\ud83c\udf0d Det \u00e4r Movember \u2013 l\u00e5t oss g\u00f6ra skillnad tillsammans! \ud83c\udf0d - M4","og_description":"\ud83c\udf0d Det \u00e4r Movember \u2013 l\u00e5t oss g\u00f6ra skillnad tillsammans! \ud83c\udf0d Vi har nu g\u00e5tt ur rosa oktober med en fin insamling till Rosa Bandet, och inlett m\u00e5naden som kommer visa upp massor av fina mustascher, mycket r\u00f6relse och \u00e4nnu en fin insamling till Movember. S\u00e5 den h\u00e4r m\u00e5naden v\u00e4xer vi inte bara mustascher \u2013...","og_url":"https:\/\/www.m4.nu\/en\/%f0%9f%8c%8d-det-ar-movember-lat-oss-gora-skillnad-tillsammans-%f0%9f%8c%8d\/","og_site_name":"M4","article_published_time":"2024-11-01T12:13:09+00:00","article_modified_time":"2024-11-01T12:13:13+00:00","og_image":[{"width":2560,"height":1707,"url":"https:\/\/www.m4.nu\/wp-content\/uploads\/2024\/11\/pexels-olly-3777952-scaled.jpg","type":"image\/jpeg"}],"author":"Amanda Rydin","twitter_card":"summary_large_image","twitter_misc":{"Written by":"Amanda Rydin","Est. reading time":"2 minutes"},"schema":{"@context":"https:\/\/schema.org","@graph":[{"@type":"Article","@id":"https:\/\/www.m4.nu\/en\/%f0%9f%8c%8d-det-ar-movember-lat-oss-gora-skillnad-tillsammans-%f0%9f%8c%8d\/#article","isPartOf":{"@id":"https:\/\/www.m4.nu\/en\/%f0%9f%8c%8d-det-ar-movember-lat-oss-gora-skillnad-tillsammans-%f0%9f%8c%8d\/"},"author":{"name":"Amanda Rydin","@id":"https:\/\/www.m4.nu\/en\/#\/schema\/person\/4c1ac5f110ac47d8e9bf58e7fe13b13f"},"headline":"\ud83c\udf0d Det \u00e4r Movember \u2013 l\u00e5t oss g\u00f6ra skillnad tillsammans! \ud83c\udf0d","datePublished":"2024-11-01T12:13:09+00:00","dateModified":"2024-11-01T12:13:13+00:00","mainEntityOfPage":{"@id":"https:\/\/www.m4.nu\/en\/%f0%9f%8c%8d-det-ar-movember-lat-oss-gora-skillnad-tillsammans-%f0%9f%8c%8d\/"},"wordCount":192,"commentCount":0,"publisher":{"@id":"https:\/\/www.m4.nu\/en\/#organization"},"image":{"@id":"https:\/\/www.m4.nu\/en\/%f0%9f%8c%8d-det-ar-movember-lat-oss-gora-skillnad-tillsammans-%f0%9f%8c%8d\/#primaryimage"},"thumbnailUrl":"https:\/\/www.m4.nu\/wp-content\/uploads\/2024\/11\/pexels-olly-3777952-scaled.jpg","articleSection":["Nyheter"],"inLanguage":"en-US","potentialAction":[{"@type":"CommentAction","name":"Comment","target":["https:\/\/www.m4.nu\/en\/%f0%9f%8c%8d-det-ar-movember-lat-oss-gora-skillnad-tillsammans-%f0%9f%8c%8d\/#respond"]}]},{"@type":"WebPage","@id":"https:\/\/www.m4.nu\/en\/%f0%9f%8c%8d-det-ar-movember-lat-oss-gora-skillnad-tillsammans-%f0%9f%8c%8d\/","url":"https:\/\/www.m4.nu\/en\/%f0%9f%8c%8d-det-ar-movember-lat-oss-gora-skillnad-tillsammans-%f0%9f%8c%8d\/","name":"\ud83c\udf0d Det \u00e4r Movember \u2013 l\u00e5t oss g\u00f6ra skillnad tillsammans! \ud83c\udf0d - M4","isPartOf":{"@id":"https:\/\/www.m4.nu\/en\/#website"},"primaryImageOfPage":{"@id":"https:\/\/www.m4.nu\/en\/%f0%9f%8c%8d-det-ar-movember-lat-oss-gora-skillnad-tillsammans-%f0%9f%8c%8d\/#primaryimage"},"image":{"@id":"https:\/\/www.m4.nu\/en\/%f0%9f%8c%8d-det-ar-movember-lat-oss-gora-skillnad-tillsammans-%f0%9f%8c%8d\/#primaryimage"},"thumbnailUrl":"https:\/\/www.m4.nu\/wp-content\/uploads\/2024\/11\/pexels-olly-3777952-scaled.jpg","datePublished":"2024-11-01T12:13:09+00:00","dateModified":"2024-11-01T12:13:13+00:00","breadcrumb":{"@id":"https:\/\/www.m4.nu\/en\/%f0%9f%8c%8d-det-ar-movember-lat-oss-gora-skillnad-tillsammans-%f0%9f%8c%8d\/#breadcrumb"},"inLanguage":"en-US","potentialAction":[{"@type":"ReadAction","target":["https:\/\/www.m4.nu\/en\/%f0%9f%8c%8d-det-ar-movember-lat-oss-gora-skillnad-tillsammans-%f0%9f%8c%8d\/"]}]},{"@type":"ImageObject","inLanguage":"en-US","@id":"https:\/\/www.m4.nu\/en\/%f0%9f%8c%8d-det-ar-movember-lat-oss-gora-skillnad-tillsammans-%f0%9f%8c%8d\/#primaryimage","url":"https:\/\/www.m4.nu\/wp-content\/uploads\/2024\/11\/pexels-olly-3777952-scaled.jpg","contentUrl":"https:\/\/www.m4.nu\/wp-content\/uploads\/2024\/11\/pexels-olly-3777952-scaled.jpg","width":2560,"height":1707},{"@type":"BreadcrumbList","@id":"https:\/\/www.m4.nu\/en\/%f0%9f%8c%8d-det-ar-movember-lat-oss-gora-skillnad-tillsammans-%f0%9f%8c%8d\/#breadcrumb","itemListElement":[{"@type":"ListItem","position":1,"name":"Home","item":"https:\/\/www.m4.nu\/en\/"},{"@type":"ListItem","position":2,"name":"\ud83c\udf0d Det \u00e4r Movember \u2013 l\u00e5t oss g\u00f6ra skillnad tillsammans! \ud83c\udf0d"}]},{"@type":"WebSite","@id":"https:\/\/www.m4.nu\/en\/#website","url":"https:\/\/www.m4.nu\/en\/","name":"M4","description":"m4-framtidens konsultbolag","publisher":{"@id":"https:\/\/www.m4.nu\/en\/#organization"},"potentialAction":[{"@type":"SearchAction","target":{"@type":"EntryPoint","urlTemplate":"https:\/\/www.m4.nu\/en\/?s={search_term_string}"},"query-input":{"@type":"PropertyValueSpecification","valueRequired":true,"valueName":"search_term_string"}}],"inLanguage":"en-US"},{"@type":"Organization","@id":"https:\/\/www.m4.nu\/en\/#organization","name":"M4","url":"https:\/\/www.m4.nu\/en\/","logo":{"@type":"ImageObject","inLanguage":"en-US","@id":"https:\/\/www.m4.nu\/en\/#\/schema\/logo\/image\/","url":"https:\/\/www.m4.nu\/wp-content\/uploads\/2019\/11\/cropped-m4_logotyp_CMYK.png","contentUrl":"https:\/\/www.m4.nu\/wp-content\/uploads\/2019\/11\/cropped-m4_logotyp_CMYK.png","width":103,"height":100,"caption":"M4"},"image":{"@id":"https:\/\/www.m4.nu\/en\/#\/schema\/logo\/image\/"}},{"@type":"Person","@id":"https:\/\/www.m4.nu\/en\/#\/schema\/person\/4c1ac5f110ac47d8e9bf58e7fe13b13f","name":"Amanda Rydin","image":{"@type":"ImageObject","inLanguage":"en-US","@id":"https:\/\/secure.gravatar.com\/avatar\/90bda582e246949f672b307e8b4bfd081f5c6db75ef8b928ac3c403c55c10c98?s=96&d=mm&r=g","url":"https:\/\/secure.gravatar.com\/avatar\/90bda582e246949f672b307e8b4bfd081f5c6db75ef8b928ac3c403c55c10c98?s=96&d=mm&r=g","contentUrl":"https:\/\/secure.gravatar.com\/avatar\/90bda582e246949f672b307e8b4bfd081f5c6db75ef8b928ac3c403c55c10c98?s=96&d=mm&r=g","caption":"Amanda Rydin"},"sameAs":["http:\/\/m4.nu"],"url":"https:\/\/www.m4.nu\/en\/author\/amandarydin\/"}]}},"_links":{"self":[{"href":"https:\/\/www.m4.nu\/en\/wp-json\/wp\/v2\/posts\/2784","targetHints":{"allow":["GET"]}}],"collection":[{"href":"https:\/\/www.m4.nu\/en\/wp-json\/wp\/v2\/posts"}],"about":[{"href":"https:\/\/www.m4.nu\/en\/wp-json\/wp\/v2\/types\/post"}],"author":[{"embeddable":true,"href":"https:\/\/www.m4.nu\/en\/wp-json\/wp\/v2\/users\/4"}],"replies":[{"embeddable":true,"href":"https:\/\/www.m4.nu\/en\/wp-json\/wp\/v2\/comments?post=2784"}],"version-history":[{"count":1,"href":"https:\/\/www.m4.nu\/en\/wp-json\/wp\/v2\/posts\/2784\/revisions"}],"predecessor-version":[{"id":2787,"href":"https:\/\/www.m4.nu\/en\/wp-json\/wp\/v2\/posts\/2784\/revisions\/2787"}],"wp:featuredmedia":[{"embeddable":true,"href":"https:\/\/www.m4.nu\/en\/wp-json\/wp\/v2\/media\/2785"}],"wp:attachment":[{"href":"https:\/\/www.m4.nu\/en\/wp-json\/wp\/v2\/media?parent=2784"}],"wp:term":[{"taxonomy":"category","embeddable":true,"href":"https:\/\/www.m4.nu\/en\/wp-json\/wp\/v2\/categories?post=2784"},{"taxonomy":"post_tag","embeddable":true,"href":"https:\/\/www.m4.nu\/en\/wp-json\/wp\/v2\/tags?post=2784"}],"curies":[{"name":"wp","href":"https:\/\/api.w.org\/{rel}","templated":true}]}}